{"id":77048,"date":"2018-12-17T11:40:59","date_gmt":"2018-12-17T14:40:59","guid":{"rendered":"http:\/\/www.caririemacao.com\/1\/?p=77048"},"modified":"2018-12-17T11:40:59","modified_gmt":"2018-12-17T14:40:59","slug":"mulher-e-esfaqueada-em-cidade-do-cariri","status":"publish","type":"post","link":"https:\/\/www.caririemacao.com\/1\/2018\/12\/17\/mulher-e-esfaqueada-em-cidade-do-cariri\/","title":{"rendered":"Mulher \u00e9 esfaqueada em cidade do Cariri"},"content":{"rendered":"<p><img decoding=\"async\" class=\"cycle-slide lazyload\" data-src=\"http:\/\/caririligado.com.br\/wp-content\/themes\/cariri-ligado\/timthumb.php?src=http:\/\/caririligado.com.br\/wp-content\/uploads\/2018\/12\/sirene_policia-3.jpg&amp;w=547&amp;h=398&amp;zc=1\" alt=\"Prefeita Lorena recebe Pr\u00eamio Refer\u00eancia em solenidade bastante prestigiada\" width=\"547\" src=\"data:image\/svg+xml;base64,PHN2ZyB3aWR0aD0iMSIgaGVpZ2h0PSIxIiB4bWxucz0iaHR0cDovL3d3dy53My5vcmcvMjAwMC9zdmciPjwvc3ZnPg==\" \/><\/p>\n<p>Uma mulher foi esfaqueada na noite deste domingo (16), em bar no Bairro do Pil\u00e3o, na cidade de Serra Branca, no Cariri paraibano.<\/p>\n<p>Conforme informa\u00e7\u00f5es, a v\u00edtima estava dan\u00e7ando com um homem quando foi surpreendida por uma mulher, que deferiu o golpe de faca na mesma. A v\u00edtima mesmo ferida ainda saiu correndo para alcan\u00e7ar a agressora que se evadiu do local.<\/p>\n<p>Ela foi socorrida para o Hospital Geral de Serra Branca onde passou por avalia\u00e7\u00e3o m\u00e9dica. A pol\u00edcia foi acionada e investiga o caso.<\/p>\n","protected":false},"excerpt":{"rendered":"<p>Uma mulher foi esfaqueada na noite deste domingo (16), em bar no Bairro do Pil\u00e3o, na cidade de Serra Branca, no Cariri paraibano. Conforme informa\u00e7\u00f5es,&hellip; <\/p>\n","protected":false},"author":1,"featured_media":56072,"comment_status":"closed","ping_status":"closed","sticky":false,"template":"","format":"standard","meta":{"sfsi_plus_gutenberg_text_before_share":"","sfsi_plus_gutenberg_show_text_before_share":"","sfsi_plus_gutenberg_icon_type":"","sfsi_plus_gutenberg_icon_alignemt":"","sfsi_plus_gutenburg_max_per_row":"","footnotes":""},"categories":[50,12],"tags":[],"class_list":["post-77048","post","type-post","status-publish","format-standard","has-post-thumbnail","hentry","category-destaque","category-policia"],"_links":{"self":[{"href":"https:\/\/www.caririemacao.com\/1\/wp-json\/wp\/v2\/posts\/77048","targetHints":{"allow":["GET"]}}],"collection":[{"href":"https:\/\/www.caririemacao.com\/1\/wp-json\/wp\/v2\/posts"}],"about":[{"href":"https:\/\/www.caririemacao.com\/1\/wp-json\/wp\/v2\/types\/post"}],"author":[{"embeddable":true,"href":"https:\/\/www.caririemacao.com\/1\/wp-json\/wp\/v2\/users\/1"}],"replies":[{"embeddable":true,"href":"https:\/\/www.caririemacao.com\/1\/wp-json\/wp\/v2\/comments?post=77048"}],"version-history":[{"count":1,"href":"https:\/\/www.caririemacao.com\/1\/wp-json\/wp\/v2\/posts\/77048\/revisions"}],"predecessor-version":[{"id":77049,"href":"https:\/\/www.caririemacao.com\/1\/wp-json\/wp\/v2\/posts\/77048\/revisions\/77049"}],"wp:featuredmedia":[{"embeddable":true,"href":"https:\/\/www.caririemacao.com\/1\/wp-json\/wp\/v2\/media\/56072"}],"wp:attachment":[{"href":"https:\/\/www.caririemacao.com\/1\/wp-json\/wp\/v2\/media?parent=77048"}],"wp:term":[{"taxonomy":"category","embeddable":true,"href":"https:\/\/www.caririemacao.com\/1\/wp-json\/wp\/v2\/categories?post=77048"},{"taxonomy":"post_tag","embeddable":true,"href":"https:\/\/www.caririemacao.com\/1\/wp-json\/wp\/v2\/tags?post=77048"}],"curies":[{"name":"wp","href":"https:\/\/api.w.org\/{rel}","templated":true}]}}