{"id":77050,"date":"2018-12-17T11:47:42","date_gmt":"2018-12-17T14:47:42","guid":{"rendered":"http:\/\/www.caririemacao.com\/1\/?p=77050"},"modified":"2018-12-17T11:47:42","modified_gmt":"2018-12-17T14:47:42","slug":"congresso-deve-votar-orcamento-para-2019","status":"publish","type":"post","link":"https:\/\/www.caririemacao.com\/1\/2018\/12\/17\/congresso-deve-votar-orcamento-para-2019\/","title":{"rendered":"Congresso deve votar or\u00e7amento para 2019"},"content":{"rendered":"<p>Deputados e senadores devem votar nesta semana a proposta or\u00e7ament\u00e1rio de 2019 para a Uni\u00e3o. Ser\u00e1 o primeiro Or\u00e7amento da gest\u00e3o do presidente eleito, Jair Bolsonaro.<\/p>\n<p>O texto, que detalha as receitas e despesas federais, precisa ser analisado no plen\u00e1rio do Congresso antes de seguir para a san\u00e7\u00e3o presidencial.<\/p>\n<p>A previs\u00e3o \u00e9 que haja uma sess\u00e3o conjunta da C\u00e2mara e do Senado nesta ter\u00e7a-feira (18) para a vota\u00e7\u00e3o de vetos presidenciais e projetos de lei com libera\u00e7\u00e3o de cr\u00e9ditos. Com isso, os parlamentares liberar\u00e3o a pauta do Congresso para a vota\u00e7\u00e3o do Or\u00e7amento.<\/p>\n<p>Como o recesso parlamentar ter\u00e1 in\u00edcio no dia 23, a tend\u00eancia \u00e9 que haja pelo menos mais uma sess\u00e3o conjunta para a an\u00e1lise da proposta.<\/p>\n<p>A proposta de or\u00e7amento define as receitas e as despesas dos poderes Executivo, Legislativo e Judici\u00e1rio para o pr\u00f3ximo ano e precisa ser aprovada at\u00e9 o fim de 2018.<\/p>\n<p>Caso isso n\u00e3o aconte\u00e7a, o poder Executivo s\u00f3 poder\u00e1 gastar por m\u00eas apenas 1\/12 do valor previsto no projeto para o custeio da m\u00e1quina p\u00fablica, como o pagamento de sal\u00e1rios. Esse mecanismo \u00e9 conhecido como \u201cduod\u00e9cimo\u201d.<\/p>\n<p>Or\u00e7amento<\/p>\n<p>A proposta prev\u00ea receitas e despesas totais de R$ 3,381 trilh\u00f5es para o ano que vem. O projeto considera que o d\u00e9ficit nas contas p\u00fablicas pode chegar a R$ 139 bilh\u00f5es, o equivalente a 1,9% do PIB.<\/p>\n<p>Na \u00e1rea das despesas, os gastos com a Previd\u00eancia lideram \u2013 R$ 637,9 bilh\u00f5es. Gastos com pessoal somam R$ 351,4 bilh\u00f5es.<\/p>\n<p>A dota\u00e7\u00e3o prevista para o Bolsa-Fam\u00edlia em 2019 \u00e9 de R$ 29,5 bilh\u00f5es \u2013 o texto reduziu o montante previsto para o programa que est\u00e1 condicionado a aprova\u00e7\u00e3o de cr\u00e9ditos: esse valor passou para 5,7 bilh\u00f5es.<\/p>\n<p>O Mais M\u00e9dicos ter\u00e1 R$ 3,7 bilh\u00f5es no ano que vem.<\/p>\n<p>J\u00e1 o programa Minha Casa, Minha Vida ter\u00e1 prevista dota\u00e7\u00e3o de R$ 4,6 bilh\u00f5es.<\/p>\n<p>Os investimentos v\u00e3o alcan\u00e7ar R$ 38,9 bilh\u00f5es. Os benef\u00edcios fiscais \u2013 ren\u00fancias de tributos e subs\u00eddios, por exemplo \u2013 devem somar R$ 376,2 bilh\u00f5es no ano que vem, valor que corresponde a 5,1% do PIB.<\/p>\n<p>Sal\u00e1rio m\u00ednimo<\/p>\n<p>O texto prev\u00ea que o sal\u00e1rio m\u00ednimo seja de R$ 1.006 em 2019, valor proposto pelo Poder Executivo em agosto, quando o projeto foi enviado. O valor definitivo para o ano que vem, no entanto, s\u00f3 ser\u00e1 oficializado em decreto editado pelo governo em primeiro de janeiro.<\/p>\n<p>O novo sal\u00e1rio, por lei, \u00e9 calculado a partir de uma f\u00f3rmula que leva em conta o crescimento do PIB e a varia\u00e7\u00e3o do INPC, \u00edndice que mede a infla\u00e7\u00e3o. Atualmente, o m\u00ednimo est\u00e1 em R$ 954.<\/p>\n<p>O texto considera, como par\u00e2metros econ\u00f4micos para 2019:<\/p>\n<p>Crescimento do PIB de 2,5%;<br \/>\ninfla\u00e7\u00e3o de 4,25%;<br \/>\ntaxa Selic de 8,0%;<br \/>\nd\u00f3lar a R$ 3,66.<\/p>\n<p><strong>G1<\/strong><\/p>\n","protected":false},"excerpt":{"rendered":"<p>Deputados e senadores devem votar nesta semana a proposta or\u00e7ament\u00e1rio de 2019 para a Uni\u00e3o. Ser\u00e1 o primeiro Or\u00e7amento da gest\u00e3o do presidente eleito, Jair&hellip; <\/p>\n","protected":false},"author":1,"featured_media":72838,"comment_status":"closed","ping_status":"closed","sticky":false,"template":"","format":"standard","meta":{"sfsi_plus_gutenberg_text_before_share":"","sfsi_plus_gutenberg_show_text_before_share":"","sfsi_plus_gutenberg_icon_type":"","sfsi_plus_gutenberg_icon_alignemt":"","sfsi_plus_gutenburg_max_per_row":"","footnotes":""},"categories":[11],"tags":[],"class_list":["post-77050","post","type-post","status-publish","format-standard","has-post-thumbnail","hentry","category-politica"],"_links":{"self":[{"href":"https:\/\/www.caririemacao.com\/1\/wp-json\/wp\/v2\/posts\/77050","targetHints":{"allow":["GET"]}}],"collection":[{"href":"https:\/\/www.caririemacao.com\/1\/wp-json\/wp\/v2\/posts"}],"about":[{"href":"https:\/\/www.caririemacao.com\/1\/wp-json\/wp\/v2\/types\/post"}],"author":[{"embeddable":true,"href":"https:\/\/www.caririemacao.com\/1\/wp-json\/wp\/v2\/users\/1"}],"replies":[{"embeddable":true,"href":"https:\/\/www.caririemacao.com\/1\/wp-json\/wp\/v2\/comments?post=77050"}],"version-history":[{"count":1,"href":"https:\/\/www.caririemacao.com\/1\/wp-json\/wp\/v2\/posts\/77050\/revisions"}],"predecessor-version":[{"id":77051,"href":"https:\/\/www.caririemacao.com\/1\/wp-json\/wp\/v2\/posts\/77050\/revisions\/77051"}],"wp:featuredmedia":[{"embeddable":true,"href":"https:\/\/www.caririemacao.com\/1\/wp-json\/wp\/v2\/media\/72838"}],"wp:attachment":[{"href":"https:\/\/www.caririemacao.com\/1\/wp-json\/wp\/v2\/media?parent=77050"}],"wp:term":[{"taxonomy":"category","embeddable":true,"href":"https:\/\/www.caririemacao.com\/1\/wp-json\/wp\/v2\/categories?post=77050"},{"taxonomy":"post_tag","embeddable":true,"href":"https:\/\/www.caririemacao.com\/1\/wp-json\/wp\/v2\/tags?post=77050"}],"curies":[{"name":"wp","href":"https:\/\/api.w.org\/{rel}","templated":true}]}}