{"id":77056,"date":"2018-12-17T11:52:48","date_gmt":"2018-12-17T14:52:48","guid":{"rendered":"http:\/\/www.caririemacao.com\/1\/?p=77056"},"modified":"2018-12-17T11:52:48","modified_gmt":"2018-12-17T14:52:48","slug":"apos-pedido-de-bolsonaro-brasil-desconvida-cuba-e-venezuela-para-posse","status":"publish","type":"post","link":"https:\/\/www.caririemacao.com\/1\/2018\/12\/17\/apos-pedido-de-bolsonaro-brasil-desconvida-cuba-e-venezuela-para-posse\/","title":{"rendered":"Ap\u00f3s pedido de Bolsonaro, Brasil desconvida Cuba e Venezuela para posse"},"content":{"rendered":"<p>O governo do presidente eleito\u00a0Jair Bolsonaro (PSL)\u00a0deu ordens ao Minist\u00e9rio de Rela\u00e7\u00f5es Exteriores para que desconvidasse os chefes de Estado da\u00a0Venezuela\u00a0e de\u00a0Cuba\u00a0para a sua cerim\u00f4nia de posse, em 1\u00ba de janeiro, em Bras\u00edlia.<\/p>\n<p>Segundo o Itamaraty, a pasta recebeu inicialmente do governo eleito a recomenda\u00e7\u00e3o de que todos os chefes de Estado dos pa\u00edses com os quais o Brasil mant\u00e9m rela\u00e7\u00f5es diplom\u00e1ticas deveriam ser convidados.<\/p>\n<p>Em um segundo momento, contudo, o MRE foi instru\u00eddo a desfazer os convites que j\u00e1 haviam sido enviados aos l\u00edderes\u00a0Nicol\u00e1s Maduro, da Venezuela,\u00a0e\u00a0Miguel D\u00edaz-Canel, de Cuba.<\/p>\n<p>Do ponto de vista diplom\u00e1tico, a decis\u00e3o de desconvidar de \u00faltima hora os chefes de Estado das duas na\u00e7\u00f5es \u00e9 considerada extremamente deselegante. Vai contra a tradi\u00e7\u00e3o brasileira seguida anteriormente pelo Itamaraty, de enviar convites a todas as na\u00e7\u00f5es com que o Brasil mant\u00e9m rela\u00e7\u00f5es, at\u00e9 mesmo aquelas com governos autorit\u00e1rios.<\/p>\n<p>Esta \u00e9 a primeira vez desde a redemocratiza\u00e7\u00e3o que um convite para o evento \u00e9 desfeito dessa maneira, segundo especialistas.<\/p>\n<p>O gesto \u00e9 coerente com o discurso empregado at\u00e9 agora pelo presidente eleito com rela\u00e7\u00e3o \u00e0 Cuba e \u00e0 Venezuela. Por\u00e9m, pode prejudicar os canais de comunica\u00e7\u00e3o existentes com os governos e at\u00e9 di\u00e1logos futuros para negociar o fim da crise pol\u00edtica, econ\u00f4mica e humanit\u00e1ria vivida pelas duas na\u00e7\u00f5es.<\/p>\n<p>\u201cTomamos uma decis\u00e3o que vai contra a longa tradi\u00e7\u00e3o brasileira de convidar todo o mundo para a posse\u201d, afirma Rubens Barbosa, ex-embaixador do Brasil em Londres e Washington.<\/p>\n<p>\u201cFoi um equ\u00edvoco, deveriam ter mantido os convites\u201d, completa o diplomata, que critica tamb\u00e9m a op\u00e7\u00e3o do Brasil em desfazer os convites \u00e0s duas na\u00e7\u00f5es, mas manter na lista de convidados chefes de Estado de outras na\u00e7\u00f5es t\u00e3o ou at\u00e9 mais autorit\u00e1rias do que Venezuela e Cuba.<\/p>\n<p>\u201cA decis\u00e3o de desconvidar \u00e9 um sinal de descortesia, um gesto pesado\u201d, diz Alberto Pfeifer, coordenador adjunto do Grupo de An\u00e1lise de Conjuntura Internacional (GACInt) junto ao Instituto de Rela\u00e7\u00f5es Internacionais da Universidade de S\u00e3o Paulo.<\/p>\n<p>O caso veio \u00e0 tona no domingo 16, quando o futuro Ministro de Rela\u00e7\u00f5es Exteriores Ernesto Ara\u00fajo anunciou que a Venezuela n\u00e3o havia sido convidada para a posse de Bolsonaro.<\/p>\n<p>Pelo Twitter, Ara\u00falo afirmou que a decis\u00e3o foi tomada \u201cem respeito ao povo venezuelano\u201d e que \u201cn\u00e3o h\u00e1 lugar para Maduro numa celebra\u00e7\u00e3o da democracia\u201d.<\/p>\n<p>Pouco depois, o chanceler venezuelano Jorge Arreaza desmentiu a afirma\u00e7\u00e3o e garantiu que o presidente Nicol\u00e1s Maduro recebeu um convite do governo brasileiro. A autoridade publicou em seu perfil no Twitter imagens de um documento enviado pelo Minist\u00e9rio das Rela\u00e7\u00f5es Exteriores em 29 de novembro, no qual informa a data da posse e convida o l\u00edder do pa\u00eds para assisti-la.<\/p>\n<p>Arreaza publicou, ainda, o documento que o governo da Venezuela enviou em resposta ao convite, em 12 de dezembro, no qual afirma que \u201cn\u00e3o assistiria jamais a posse de um presidente que \u00e9 a express\u00e3o da intoler\u00e2ncia, do fascismo e da entrega a interesses contr\u00e1rios \u00e0 integra\u00e7\u00e3o latino-americana e caribenha\u201d.<\/p>\n<p>Segundo o Itamaraty, toda a organiza\u00e7\u00e3o da posse \u00e9 feita em coordena\u00e7\u00e3o com o governo eleito.\u00a0O documento de convite foi enviado \u00e0 Venezuela ap\u00f3s recomenda\u00e7\u00e3o da c\u00fapula de Bolsonaro de que \u201ctodos os chefes de Estado e de Governo dos pa\u00edses com os quais mantemos rela\u00e7\u00f5es diplom\u00e1ticas deveriam ser convidados\u201d.<\/p>\n<p>\u201cEm um segundo momento, foi recebida a recomenda\u00e7\u00e3o de que Cuba e Venezuela n\u00e3o deveriam mais constar da lista, o que exigiu uma nova comunica\u00e7\u00e3o a esses dois governos\u201d, afirmou o Minist\u00e9rio em nota enviada a VEJA.<\/p>\n<p>A decis\u00e3o de desfazer o convite condiz com a posi\u00e7\u00e3o pol\u00edtica e ideol\u00f3gica que Jair Bolsonaro vem propondo desde a campanha eleitoral. O pol\u00edtico do PSL afirma que seu objetivo \u00e9 se distanciar dos governos de esquerda da Am\u00e9rica do Sul, especialmente de Cuba e da\u00a0Venezuela.<\/p>\n<p>Para a professora de Rela\u00e7\u00f5es Internacionais da ESPM, Denilde Holzhacker, a medida \u00e9, mais do que uma estrat\u00e9gia geopol\u00edtica contra a autoritarismo dos governos, uma a\u00e7\u00e3o simb\u00f3lica. \u201cO objetivo \u00e9 demarcar a posi\u00e7\u00e3o ideol\u00f3gica desse governo e indicar uma mudan\u00e7a da pol\u00edtica externa brasileira daqui para frente\u201d, afirma.<\/p>\n<p>Em rela\u00e7\u00e3o ao governo de Nicol\u00e1s Maduro, o presidente eleito j\u00e1 deixou claro que se posicionar\u00e1 como forte oposi\u00e7\u00e3o. Mas seu futuro ministro da Defesa, general Augusto Heleno, indicou n\u00e3o haver fundamenta\u00e7\u00e3o nas especula\u00e7\u00f5es de que tenha a inten\u00e7\u00e3o de apoiar uma interven\u00e7\u00e3o militar ou declarar guerra ao pa\u00eds vizinho.<\/p>\n<p>Suas declara\u00e7\u00f5es sobre Cuba, por outro lado, j\u00e1 tiveram consequ\u00eancias pr\u00e1ticas. O governo de D\u00edaz-Canel decidiu deixar o programa Mais M\u00e9dicos em novembro e desde ent\u00e3o, o pa\u00eds vive uma situa\u00e7\u00e3o dif\u00edcil para preencher as vagas deixadas pelos profissionais cubanos.<\/p>\n<p>As indica\u00e7\u00f5es de Bolsonaro de que poderia fechar a embaixada brasileira em Havana tamb\u00e9m preocupam a comunidade diplom\u00e1tica brasileira. Muitos enxergam esse posicionamento como um retrocesso, uma vez que cortar\u00e1 de vez qualquer possibilidade de interlocu\u00e7\u00e3o com o tamb\u00e9m novo governo cubano.<\/p>\n<p>Consequ\u00eancias diplom\u00e1ticas<br \/>\nA decis\u00e3o de desconvidar os representantes da Venezuela e de Cuba para a posse de Bolsonaro podem prejudicar ainda mais os canais de comunica\u00e7\u00f5es existentes entre o Brasil e as duas na\u00e7\u00f5es, com base no princ\u00edpio da reciprocidade aplicado na diplomacia, segundo Alberto Pfeifer.<\/p>\n<p>A consequ\u00eancias n\u00e3o devem ter grande impacto para a pol\u00edtica externa brasileira, j\u00e1 que os dois pa\u00edses t\u00eam pouca influ\u00eancia no cen\u00e1rio internacional e enfrentam uma agenda dom\u00e9stica conturbada. Ainda assim, segundo o especialista, a a\u00e7\u00e3o pode provocar uma mudan\u00e7a de posi\u00e7\u00e3o das na\u00e7\u00f5es latino-americanos em \u00f3rg\u00e3os como ONU e OEA (Organiza\u00e7\u00e3o dos Estados Americanos).<\/p>\n<p>\u201cO gesto \u00e9 coerente com o discurso da nova administra\u00e7\u00e3o, mas pode ter consequ\u00eancias problem\u00e1ticos para o pr\u00f3prio objetivo do governo\u201d, diz Pfeifer, que aponta que a quebra nos canais de comunica\u00e7\u00e3o com Cuba e Venezuela poderia prejudicar as negocia\u00e7\u00f5es para o fim da crise pol\u00edtica, econ\u00f4mica e humanit\u00e1ria nas na\u00e7\u00f5es.<\/p>\n<p>Quando assumir o governo, Bolsonaro ter\u00e1 de lidar com uma grave crise migrat\u00f3ria envolvendo, principalmente, a Venezuela.<\/p>\n<p>O pa\u00eds atravessa uma feroz crise econ\u00f4mica e pol\u00edtica que tem obrigado milhares de venezuelanos a imigrar para o Brasil, principalmente pelo Estado de Roraima. Segundo proje\u00e7\u00e3o divulgada na sexta-feira 14 pela ONU, o n\u00famero de imigrantes venezuelanos no Brasil deve dobrar em 2019 e chegar a quase 200.000 pessoas.<\/p>\n<p>&nbsp;<\/p>\n<p>Veja Online<\/p>\n","protected":false},"excerpt":{"rendered":"<p>O governo do presidente eleito\u00a0Jair Bolsonaro (PSL)\u00a0deu ordens ao Minist\u00e9rio de Rela\u00e7\u00f5es Exteriores para que desconvidasse os chefes de Estado da\u00a0Venezuela\u00a0e de\u00a0Cuba\u00a0para a sua cerim\u00f4nia&hellip; <\/p>\n","protected":false},"author":1,"featured_media":77057,"comment_status":"closed","ping_status":"closed","sticky":false,"template":"","format":"standard","meta":{"sfsi_plus_gutenberg_text_before_share":"","sfsi_plus_gutenberg_show_text_before_share":"","sfsi_plus_gutenberg_icon_type":"","sfsi_plus_gutenberg_icon_alignemt":"","sfsi_plus_gutenburg_max_per_row":"","footnotes":""},"categories":[11],"tags":[],"class_list":["post-77056","post","type-post","status-publish","format-standard","has-post-thumbnail","hentry","category-politica"],"_links":{"self":[{"href":"https:\/\/www.caririemacao.com\/1\/wp-json\/wp\/v2\/posts\/77056","targetHints":{"allow":["GET"]}}],"collection":[{"href":"https:\/\/www.caririemacao.com\/1\/wp-json\/wp\/v2\/posts"}],"about":[{"href":"https:\/\/www.caririemacao.com\/1\/wp-json\/wp\/v2\/types\/post"}],"author":[{"embeddable":true,"href":"https:\/\/www.caririemacao.com\/1\/wp-json\/wp\/v2\/users\/1"}],"replies":[{"embeddable":true,"href":"https:\/\/www.caririemacao.com\/1\/wp-json\/wp\/v2\/comments?post=77056"}],"version-history":[{"count":1,"href":"https:\/\/www.caririemacao.com\/1\/wp-json\/wp\/v2\/posts\/77056\/revisions"}],"predecessor-version":[{"id":77058,"href":"https:\/\/www.caririemacao.com\/1\/wp-json\/wp\/v2\/posts\/77056\/revisions\/77058"}],"wp:featuredmedia":[{"embeddable":true,"href":"https:\/\/www.caririemacao.com\/1\/wp-json\/wp\/v2\/media\/77057"}],"wp:attachment":[{"href":"https:\/\/www.caririemacao.com\/1\/wp-json\/wp\/v2\/media?parent=77056"}],"wp:term":[{"taxonomy":"category","embeddable":true,"href":"https:\/\/www.caririemacao.com\/1\/wp-json\/wp\/v2\/categories?post=77056"},{"taxonomy":"post_tag","embeddable":true,"href":"https:\/\/www.caririemacao.com\/1\/wp-json\/wp\/v2\/tags?post=77056"}],"curies":[{"name":"wp","href":"https:\/\/api.w.org\/{rel}","templated":true}]}}