{"id":77059,"date":"2018-12-17T11:56:53","date_gmt":"2018-12-17T14:56:53","guid":{"rendered":"http:\/\/www.caririemacao.com\/1\/?p=77059"},"modified":"2018-12-17T11:56:53","modified_gmt":"2018-12-17T14:56:53","slug":"ricardo-coutinho-todos-sabem-que-a-uepb-precisa-passar-por-mudancas","status":"publish","type":"post","link":"https:\/\/www.caririemacao.com\/1\/2018\/12\/17\/ricardo-coutinho-todos-sabem-que-a-uepb-precisa-passar-por-mudancas\/","title":{"rendered":"Ricardo Coutinho: \u201cTodos sabem que a UEPB precisa passar por mudan\u00e7as\u201d"},"content":{"rendered":"<p>Todos sabem que a UEPB precisa passar por mudan\u00e7as. Ningu\u00e9m tem o direito de pegar o dinheiro p\u00fablico como se fosse infinito, n\u00e3o fazer nenhuma mudan\u00e7a interna, e querer viver numa redoma de vidro. E como se pudesse faltar dinheiro para estradas, adutoras, estiagem, mas n\u00e3o pode faltar para a UEPB\u201d.<\/p>\n<div id=\"attachment_542567\" class=\"wp-caption aligncenter\"><img decoding=\"async\" class=\"wp-image-542567 size-full lazyload\" data-src=\"https:\/\/paraibaonline.com.br\/wp-content\/uploads\/2018\/12\/ricardo1712.jpg\" data-srcset=\"https:\/\/paraibaonline.com.br\/wp-content\/uploads\/2018\/12\/ricardo1712.jpg 1024w, https:\/\/paraibaonline.com.br\/wp-content\/uploads\/2018\/12\/ricardo1712-557x417.jpg 557w, https:\/\/paraibaonline.com.br\/wp-content\/uploads\/2018\/12\/ricardo1712-884x662.jpg 884w, https:\/\/paraibaonline.com.br\/wp-content\/uploads\/2018\/12\/ricardo1712-800x600.jpg 800w\" alt=\"Foto: Paraibaonline\" src=\"data:image\/svg+xml;base64,PHN2ZyB3aWR0aD0iMSIgaGVpZ2h0PSIxIiB4bWxucz0iaHR0cDovL3d3dy53My5vcmcvMjAwMC9zdmciPjwvc3ZnPg==\" \/><\/div>\n<p>A declara\u00e7\u00e3o dada pelo governador Ricardo Coutinho (PSB) no final de semana \u00e9 destaque na coluna Aparte, assinada no PARAIBAONLINE pelo jornalista Arimat\u00e9a Souza.<\/p>\n<p>\u201cTodos n\u00f3s precisamos compreender que essa \u00e9poca acabou, n\u00e3o existe mais. Acabou a \u00e9poca que os governantes tinham medo da repercuss\u00e3o e n\u00e3o enfrentavam o problema. Iam levando isso adiante, ampliando o problema\u201d, acrescentou Ricardo.<\/p>\n","protected":false},"excerpt":{"rendered":"<p>Todos sabem que a UEPB precisa passar por mudan\u00e7as. Ningu\u00e9m tem o direito de pegar o dinheiro p\u00fablico como se fosse infinito, n\u00e3o fazer nenhuma&hellip; <\/p>\n","protected":false},"author":1,"featured_media":52291,"comment_status":"closed","ping_status":"closed","sticky":false,"template":"","format":"standard","meta":{"sfsi_plus_gutenberg_text_before_share":"","sfsi_plus_gutenberg_show_text_before_share":"","sfsi_plus_gutenberg_icon_type":"","sfsi_plus_gutenberg_icon_alignemt":"","sfsi_plus_gutenburg_max_per_row":"","footnotes":""},"categories":[11],"tags":[],"class_list":["post-77059","post","type-post","status-publish","format-standard","has-post-thumbnail","hentry","category-politica"],"_links":{"self":[{"href":"https:\/\/www.caririemacao.com\/1\/wp-json\/wp\/v2\/posts\/77059","targetHints":{"allow":["GET"]}}],"collection":[{"href":"https:\/\/www.caririemacao.com\/1\/wp-json\/wp\/v2\/posts"}],"about":[{"href":"https:\/\/www.caririemacao.com\/1\/wp-json\/wp\/v2\/types\/post"}],"author":[{"embeddable":true,"href":"https:\/\/www.caririemacao.com\/1\/wp-json\/wp\/v2\/users\/1"}],"replies":[{"embeddable":true,"href":"https:\/\/www.caririemacao.com\/1\/wp-json\/wp\/v2\/comments?post=77059"}],"version-history":[{"count":1,"href":"https:\/\/www.caririemacao.com\/1\/wp-json\/wp\/v2\/posts\/77059\/revisions"}],"predecessor-version":[{"id":77060,"href":"https:\/\/www.caririemacao.com\/1\/wp-json\/wp\/v2\/posts\/77059\/revisions\/77060"}],"wp:featuredmedia":[{"embeddable":true,"href":"https:\/\/www.caririemacao.com\/1\/wp-json\/wp\/v2\/media\/52291"}],"wp:attachment":[{"href":"https:\/\/www.caririemacao.com\/1\/wp-json\/wp\/v2\/media?parent=77059"}],"wp:term":[{"taxonomy":"category","embeddable":true,"href":"https:\/\/www.caririemacao.com\/1\/wp-json\/wp\/v2\/categories?post=77059"},{"taxonomy":"post_tag","embeddable":true,"href":"https:\/\/www.caririemacao.com\/1\/wp-json\/wp\/v2\/tags?post=77059"}],"curies":[{"name":"wp","href":"https:\/\/api.w.org\/{rel}","templated":true}]}}