{"id":77065,"date":"2018-12-17T12:00:14","date_gmt":"2018-12-17T15:00:14","guid":{"rendered":"http:\/\/www.caririemacao.com\/1\/?p=77065"},"modified":"2018-12-17T12:00:14","modified_gmt":"2018-12-17T15:00:14","slug":"temer-sobre-dilma-tenho-a-impressao-de-que-e-uma-senhora-correta-e-honesta","status":"publish","type":"post","link":"https:\/\/www.caririemacao.com\/1\/2018\/12\/17\/temer-sobre-dilma-tenho-a-impressao-de-que-e-uma-senhora-correta-e-honesta\/","title":{"rendered":"Temer sobre Dilma: \u201cTenho a impress\u00e3o de que \u00e9 uma senhora correta e honesta\u201d"},"content":{"rendered":"<p>Em entrevista ao programa Poder em Foco, do SBT, na madrugada desta segunda-feira (17), o presidente Michel Temer (MDB) saiu em defesa de sua antecessora Dilma Rousseff (PT).<\/p>\n<p>\u201cEu posso at\u00e9 fazer observa\u00e7\u00f5es cr\u00edticas quanto \u00e0 conduta pol\u00edtica, quando digo que excluiu o vice-presidente.\u00a0Mas sobre o foco pessoal,\u00a0tenho a impress\u00e3o de que\u00a0\u00e9 uma senhora correta e\u00a0honesta. Eu n\u00e3o tenho essa impress\u00e3o de algu\u00e9m que chegou ao governo para se apropriar das coisas p\u00fablicas\u201d, disse.<\/p>\n<p>\u201cNunca tive essa impress\u00e3o e confesso que continuo n\u00e3o tendo\u201d, afirmou Temer.<\/p>\n<p>Temer assumiu o governo em 2016, ap\u00f3s o impeachment da ent\u00e3o presidente devido \u00e0s chamadas pedaladas fiscais. Seu partido, o MDB, apoiou o impeachment, deflagrado pelo ent\u00e3o presidente da C\u00e2mara, Eduardo Cunha (MDB-RJ).<\/p>\n<p>A respeito das den\u00fancias de corrup\u00e7\u00e3o que vieram \u00e0 tona em conversas gravadas com Joesley Batista, da JBS, Temer afirmou que n\u00e3o h\u00e1 preocupa\u00e7\u00e3o por parte dele ou dos advogados. Voltou a dizer que houve uma arma\u00e7\u00e3o e negou que v\u00e1 se mudar para Portugal ap\u00f3s deixar a Presid\u00eancia.<\/p>\n<p>\u201cQuando eu sair da presid\u00eancia o foco n\u00e3o ser\u00e1 mais pol\u00edtico, vai para o foco jur\u00eddico. [\u2026] Essa den\u00fancia gerou duas manifesta\u00e7\u00f5es da C\u00e2mara como se fosse um pedido de impeachment. E o que a C\u00e2mara fez? Negou\u201d, disse.<\/p>\n<p>Segundo Temer, seu governo foi \u201csemiparlamentarista\u201d. \u201cTrouxe o Congresso para governar comigo, algo que no passado n\u00e3o acontecia.\u201d<\/p>\n<p>A respeito da elei\u00e7\u00e3o de Jair Bolsonaro (PSL), Temer afirmou que o povo optou por uma mudan\u00e7a \u201ccontra tudo que estava a\u00ed\u201d e que sua expectativa \u00e9 positiva.<\/p>\n<p>\u201cNa democracia \u00e9 assim. H\u00e1 um momento em que o povo quer mudar tudo. Quando Lula foi eleito, foi assim. E mudaram. E essa mudan\u00e7a persistiu por v\u00e1rios anos. Agora, optou-se por uma forma contra tudo que estava a\u00ed\u201d, disse.<\/p>\n<p>O presidente disse acreditar que seu sucessor ir\u00e1 votar a reforma da Previd\u00eancia no come\u00e7o do ano que vem. Afirmou ainda que a escolha do ex-juiz Sergio Moro para o Minist\u00e9rio da Justi\u00e7a foi boa para Bolsonaro, mas disse n\u00e3o saber qual ser\u00e1 o resultado para Moro.<\/p>\n<p>\u201cAcho que ele prestou um relevante servi\u00e7o e, segundo as concep\u00e7\u00f5es dele, decidiu prestar esse servi\u00e7o ao Minist\u00e9rio da Justi\u00e7a. Para o Bolsonaro, foi \u00f3timo. Para o Moro, n\u00e3o sei dizer qual ser\u00e1 o resultado.\u201d<\/p>\n","protected":false},"excerpt":{"rendered":"<p>Em entrevista ao programa Poder em Foco, do SBT, na madrugada desta segunda-feira (17), o presidente Michel Temer (MDB) saiu em defesa de sua antecessora&hellip; <\/p>\n","protected":false},"author":1,"featured_media":16834,"comment_status":"closed","ping_status":"closed","sticky":false,"template":"","format":"standard","meta":{"sfsi_plus_gutenberg_text_before_share":"","sfsi_plus_gutenberg_show_text_before_share":"","sfsi_plus_gutenberg_icon_type":"","sfsi_plus_gutenberg_icon_alignemt":"","sfsi_plus_gutenburg_max_per_row":"","footnotes":""},"categories":[11],"tags":[],"class_list":["post-77065","post","type-post","status-publish","format-standard","has-post-thumbnail","hentry","category-politica"],"_links":{"self":[{"href":"https:\/\/www.caririemacao.com\/1\/wp-json\/wp\/v2\/posts\/77065","targetHints":{"allow":["GET"]}}],"collection":[{"href":"https:\/\/www.caririemacao.com\/1\/wp-json\/wp\/v2\/posts"}],"about":[{"href":"https:\/\/www.caririemacao.com\/1\/wp-json\/wp\/v2\/types\/post"}],"author":[{"embeddable":true,"href":"https:\/\/www.caririemacao.com\/1\/wp-json\/wp\/v2\/users\/1"}],"replies":[{"embeddable":true,"href":"https:\/\/www.caririemacao.com\/1\/wp-json\/wp\/v2\/comments?post=77065"}],"version-history":[{"count":1,"href":"https:\/\/www.caririemacao.com\/1\/wp-json\/wp\/v2\/posts\/77065\/revisions"}],"predecessor-version":[{"id":77066,"href":"https:\/\/www.caririemacao.com\/1\/wp-json\/wp\/v2\/posts\/77065\/revisions\/77066"}],"wp:featuredmedia":[{"embeddable":true,"href":"https:\/\/www.caririemacao.com\/1\/wp-json\/wp\/v2\/media\/16834"}],"wp:attachment":[{"href":"https:\/\/www.caririemacao.com\/1\/wp-json\/wp\/v2\/media?parent=77065"}],"wp:term":[{"taxonomy":"category","embeddable":true,"href":"https:\/\/www.caririemacao.com\/1\/wp-json\/wp\/v2\/categories?post=77065"},{"taxonomy":"post_tag","embeddable":true,"href":"https:\/\/www.caririemacao.com\/1\/wp-json\/wp\/v2\/tags?post=77065"}],"curies":[{"name":"wp","href":"https:\/\/api.w.org\/{rel}","templated":true}]}}