{"id":77070,"date":"2018-12-17T12:27:39","date_gmt":"2018-12-17T15:27:39","guid":{"rendered":"http:\/\/www.caririemacao.com\/1\/?p=77070"},"modified":"2018-12-17T12:27:39","modified_gmt":"2018-12-17T15:27:39","slug":"guedes-quer-cobrar-mensalidade-nas-universidades-publicas","status":"publish","type":"post","link":"https:\/\/www.caririemacao.com\/1\/2018\/12\/17\/guedes-quer-cobrar-mensalidade-nas-universidades-publicas\/","title":{"rendered":"Guedes quer cobrar mensalidade nas universidades p\u00fablicas"},"content":{"rendered":"<p style=\"margin: 0px 0px 1.62em; padding: 0px; outline: 0px; border: 0px currentColor; color: #555555; text-transform: none; text-indent: 0px; letter-spacing: normal; font-family: 'Open Sans', sans-serif; font-size: 15px; font-style: normal; font-weight: normal; word-spacing: 0px; vertical-align: baseline; white-space: normal; -ms-zoom: 1; orphans: 2; widows: 2; background-color: #ffffff; font-variant-ligatures: normal; font-variant-caps: normal; -webkit-text-stroke-width: 0px; text-decoration-style: initial; text-decoration-color: initial;\">\u201cA equipe econ\u00f4mica de Bolsonaro namora a ideia de cobrar anuidades aos alunos das universidades p\u00fablicas\u201d, revela o jornalista Elio Gaspari. \u201cAdmitindo-se que a carta da cobran\u00e7a das anuidades v\u00e1 para a mesa, o que os s\u00e1bios pretendem fazer quando estourar uma greve de professores e alunos?\u201d, questiona<\/p>\n<p style=\"margin: 0px 0px 1.62em; padding: 0px; outline: 0px; border: 0px currentColor; color: #555555; text-transform: none; text-indent: 0px; letter-spacing: normal; font-family: 'Open Sans', sans-serif; font-size: 15px; font-style: normal; font-weight: normal; word-spacing: 0px; vertical-align: baseline; white-space: normal; -ms-zoom: 1; orphans: 2; widows: 2; background-color: #ffffff; font-variant-ligatures: normal; font-variant-caps: normal; -webkit-text-stroke-width: 0px; text-decoration-style: initial; text-decoration-color: initial;\">Historicamente ligado ao setor da educa\u00e7\u00e3o privada, o futuro ministro Paulo Guedes quer acabar com a gratuidade das universidades p\u00fablicas. \u201cA equipe econ\u00f4mica de Bolsonaro namora a ideia de cobrar anuidades aos alunos das universidades p\u00fablicas. A ideia \u00e9 velha e tem razo\u00e1vel apoio na opini\u00e3o p\u00fablica. Para evitar desastres, os s\u00e1bios do futuro governo devem tratar do caso na sua verdadeira dimens\u00e3o\u201d, revela o colunista Elio Gaspari, em sua coluna.<\/p>\n<p style=\"margin: 0px 0px 1.62em; padding: 0px; outline: 0px; border: 0px currentColor; color: #555555; text-transform: none; text-indent: 0px; letter-spacing: normal; font-family: 'Open Sans', sans-serif; font-size: 15px; font-style: normal; font-weight: normal; word-spacing: 0px; vertical-align: baseline; white-space: normal; -ms-zoom: 1; orphans: 2; widows: 2; background-color: #ffffff; font-variant-ligatures: normal; font-variant-caps: normal; -webkit-text-stroke-width: 0px; text-decoration-style: initial; text-decoration-color: initial;\">\u201cAdmitindo-se que a carta da cobran\u00e7a das anuidades v\u00e1 para a mesa, o que os s\u00e1bios pretendem fazer quando estourar uma greve de professores e alunos? A resposta imediata \u00e9 a amea\u00e7a de que os professores n\u00e3o receber\u00e3o os dias parados. Parece f\u00e1cil, mas surge outra quest\u00e3o: o que eles far\u00e3o quando a Justi\u00e7a mandar pagar, como tem feito habitualmente? Querer cobrar anuidades \u00e9 uma coisa, incendiar as universidades, outra.\u201d<\/p>\n<p>&nbsp;<\/p>\n<p>247<\/p>\n","protected":false},"excerpt":{"rendered":"<p>\u201cA equipe econ\u00f4mica de Bolsonaro namora a ideia de cobrar anuidades aos alunos das universidades p\u00fablicas\u201d, revela o jornalista Elio Gaspari. \u201cAdmitindo-se que a carta&hellip; <\/p>\n","protected":false},"author":1,"featured_media":72471,"comment_status":"closed","ping_status":"closed","sticky":false,"template":"","format":"standard","meta":{"sfsi_plus_gutenberg_text_before_share":"","sfsi_plus_gutenberg_show_text_before_share":"","sfsi_plus_gutenberg_icon_type":"","sfsi_plus_gutenberg_icon_alignemt":"","sfsi_plus_gutenburg_max_per_row":"","footnotes":""},"categories":[50,14],"tags":[],"class_list":["post-77070","post","type-post","status-publish","format-standard","has-post-thumbnail","hentry","category-destaque","category-educacao"],"_links":{"self":[{"href":"https:\/\/www.caririemacao.com\/1\/wp-json\/wp\/v2\/posts\/77070","targetHints":{"allow":["GET"]}}],"collection":[{"href":"https:\/\/www.caririemacao.com\/1\/wp-json\/wp\/v2\/posts"}],"about":[{"href":"https:\/\/www.caririemacao.com\/1\/wp-json\/wp\/v2\/types\/post"}],"author":[{"embeddable":true,"href":"https:\/\/www.caririemacao.com\/1\/wp-json\/wp\/v2\/users\/1"}],"replies":[{"embeddable":true,"href":"https:\/\/www.caririemacao.com\/1\/wp-json\/wp\/v2\/comments?post=77070"}],"version-history":[{"count":1,"href":"https:\/\/www.caririemacao.com\/1\/wp-json\/wp\/v2\/posts\/77070\/revisions"}],"predecessor-version":[{"id":77071,"href":"https:\/\/www.caririemacao.com\/1\/wp-json\/wp\/v2\/posts\/77070\/revisions\/77071"}],"wp:featuredmedia":[{"embeddable":true,"href":"https:\/\/www.caririemacao.com\/1\/wp-json\/wp\/v2\/media\/72471"}],"wp:attachment":[{"href":"https:\/\/www.caririemacao.com\/1\/wp-json\/wp\/v2\/media?parent=77070"}],"wp:term":[{"taxonomy":"category","embeddable":true,"href":"https:\/\/www.caririemacao.com\/1\/wp-json\/wp\/v2\/categories?post=77070"},{"taxonomy":"post_tag","embeddable":true,"href":"https:\/\/www.caririemacao.com\/1\/wp-json\/wp\/v2\/tags?post=77070"}],"curies":[{"name":"wp","href":"https:\/\/api.w.org\/{rel}","templated":true}]}}