{"id":77072,"date":"2018-12-17T12:29:47","date_gmt":"2018-12-17T15:29:47","guid":{"rendered":"http:\/\/www.caririemacao.com\/1\/?p=77072"},"modified":"2018-12-17T12:29:47","modified_gmt":"2018-12-17T15:29:47","slug":"idoso-ou-deficiente-pobre-que-nao-se-cadastrar-em-15-dias-tera-bpc-suspenso","status":"publish","type":"post","link":"https:\/\/www.caririemacao.com\/1\/2018\/12\/17\/idoso-ou-deficiente-pobre-que-nao-se-cadastrar-em-15-dias-tera-bpc-suspenso\/","title":{"rendered":"Idoso ou deficiente pobre que n\u00e3o se cadastrar em 15 dias ter\u00e1 BPC suspenso"},"content":{"rendered":"<p style=\"margin: 0px 0px 1.62em; padding: 0px; outline: 0px; border: 0px currentColor; color: #555555; text-transform: none; text-indent: 0px; letter-spacing: normal; font-family: 'Open Sans', sans-serif; font-size: 15px; font-style: normal; font-weight: normal; word-spacing: 0px; vertical-align: baseline; white-space: normal; -ms-zoom: 1; orphans: 2; widows: 2; background-color: #ffffff; font-variant-ligatures: normal; font-variant-caps: normal; -webkit-text-stroke-width: 0px; text-decoration-style: initial; text-decoration-color: initial;\">Idosos e deficientes de baixa renda que recebem o BPC (Benef\u00edcio de Presta\u00e7\u00e3o Continuada) t\u00eam mais 15 dias para fazer a inscri\u00e7\u00e3o no Cad\u00danico (Cadastro \u00danico para Programas Sociais) do governo federal.<\/p>\n<p style=\"margin: 0px 0px 1.62em; padding: 0px; outline: 0px; border: 0px currentColor; color: #555555; text-transform: none; text-indent: 0px; letter-spacing: normal; font-family: 'Open Sans', sans-serif; font-size: 15px; font-style: normal; font-weight: normal; word-spacing: 0px; vertical-align: baseline; white-space: normal; -ms-zoom: 1; orphans: 2; widows: 2; background-color: #ffffff; font-variant-ligatures: normal; font-variant-caps: normal; -webkit-text-stroke-width: 0px; text-decoration-style: initial; text-decoration-color: initial;\">O cadastro deve ser feito at\u00e9 31 de dezembro e \u00e9 obrigat\u00f3rio. Quem n\u00e3o fizer a inscri\u00e7\u00e3o ter\u00e1 o benef\u00edcio suspenso, segundo o Minist\u00e9rio do Desenvolvimento Social.<\/p>\n<p style=\"margin: 0px 0px 1.62em; padding: 0px; outline: 0px; border: 0px currentColor; color: #555555; text-transform: none; text-indent: 0px; letter-spacing: normal; font-family: 'Open Sans', sans-serif; font-size: 15px; font-style: normal; font-weight: normal; word-spacing: 0px; vertical-align: baseline; white-space: normal; -ms-zoom: 1; orphans: 2; widows: 2; background-color: #ffffff; font-variant-ligatures: normal; font-variant-caps: normal; -webkit-text-stroke-width: 0px; text-decoration-style: initial; text-decoration-color: initial;\">Em 2016, o governo publicou um decreto determinando que idosos e deficientes do BPC precisam estar inscritos no Cad\u00danico para receber o benef\u00edcio. Quem j\u00e1 fez a inscri\u00e7\u00e3o desde que o decreto foi publicado, n\u00e3o precisa fazer novamente. As regras com os detalhes de como ser\u00e1 a suspens\u00e3o, que estavam previstas para sair no in\u00edcio de dezembro, ainda n\u00e3o foram publicadas no \u201cDi\u00e1rio Oficial da Uni\u00e3o\u201d.<\/p>\n<p style=\"margin: 0px 0px 1.62em; padding: 0px; outline: 0px; border: 0px currentColor; color: #555555; text-transform: none; text-indent: 0px; letter-spacing: normal; font-family: 'Open Sans', sans-serif; font-size: 15px; font-style: normal; font-weight: normal; word-spacing: 0px; vertical-align: baseline; white-space: normal; -ms-zoom: 1; orphans: 2; widows: 2; background-color: #ffffff; font-variant-ligatures: normal; font-variant-caps: normal; -webkit-text-stroke-width: 0px; text-decoration-style: initial; text-decoration-color: initial;\"><strong>Como fazer a inscri\u00e7\u00e3o no Cad\u00danico?<\/strong><\/p>\n<p style=\"margin: 0px 0px 1.62em; padding: 0px; outline: 0px; border: 0px currentColor; color: #555555; text-transform: none; text-indent: 0px; letter-spacing: normal; font-family: 'Open Sans', sans-serif; font-size: 15px; font-style: normal; font-weight: normal; word-spacing: 0px; vertical-align: baseline; white-space: normal; -ms-zoom: 1; orphans: 2; widows: 2; background-color: #ffffff; font-variant-ligatures: normal; font-variant-caps: normal; -webkit-text-stroke-width: 0px; text-decoration-style: initial; text-decoration-color: initial;\">O cadastramento deve ser feito nos Cras (Centros de Refer\u00eancia da Assist\u00eancia Social) ou nas secretarias de assist\u00eancia social dos munic\u00edpios.<\/p>\n<p style=\"margin: 0px 0px 1.62em; padding: 0px; outline: 0px; border: 0px currentColor; color: #555555; text-transform: none; text-indent: 0px; letter-spacing: normal; font-family: 'Open Sans', sans-serif; font-size: 15px; font-style: normal; font-weight: normal; word-spacing: 0px; vertical-align: baseline; white-space: normal; -ms-zoom: 1; orphans: 2; widows: 2; background-color: #ffffff; font-variant-ligatures: normal; font-variant-caps: normal; -webkit-text-stroke-width: 0px; text-decoration-style: initial; text-decoration-color: initial;\">A inscri\u00e7\u00e3o tamb\u00e9m pode ser feita por outra pessoa que more na mesma casa do benefici\u00e1rio do BPC, desde que leve os documentos de todos que residem com ele.<\/p>\n<p style=\"margin: 0px 0px 1.62em; padding: 0px; outline: 0px; border: 0px currentColor; color: #555555; text-transform: none; text-indent: 0px; letter-spacing: normal; font-family: 'Open Sans', sans-serif; font-size: 15px; font-style: normal; font-weight: normal; word-spacing: 0px; vertical-align: baseline; white-space: normal; -ms-zoom: 1; orphans: 2; widows: 2; background-color: #ffffff; font-variant-ligatures: normal; font-variant-caps: normal; -webkit-text-stroke-width: 0px; text-decoration-style: initial; text-decoration-color: initial;\">No Cad\u00danico ficam registradas informa\u00e7\u00f5es como caracter\u00edsticas da casa do benefici\u00e1rio, a identifica\u00e7\u00e3o e a escolaridade de cada pessoa que mora no local e a escolaridade de cada pessoa que mora no local e a situa\u00e7\u00e3o de trabalho e renda, por exemplo.<\/p>\n<p>&nbsp;<\/p>\n<p style=\"margin: 0px 0px 1.62em; padding: 0px; outline: 0px; border: 0px currentColor; color: #555555; text-transform: none; text-indent: 0px; letter-spacing: normal; font-family: 'Open Sans', sans-serif; font-size: 15px; font-style: normal; font-weight: normal; word-spacing: 0px; vertical-align: baseline; white-space: normal; -ms-zoom: 1; orphans: 2; widows: 2; background-color: #ffffff; font-variant-ligatures: normal; font-variant-caps: normal; -webkit-text-stroke-width: 0px; text-decoration-style: initial; text-decoration-color: initial;\">Uol<\/p>\n","protected":false},"excerpt":{"rendered":"<p>Idosos e deficientes de baixa renda que recebem o BPC (Benef\u00edcio de Presta\u00e7\u00e3o Continuada) t\u00eam mais 15 dias para fazer a inscri\u00e7\u00e3o no Cad\u00danico (Cadastro&hellip; <\/p>\n","protected":false},"author":1,"featured_media":77073,"comment_status":"closed","ping_status":"closed","sticky":false,"template":"","format":"standard","meta":{"sfsi_plus_gutenberg_text_before_share":"","sfsi_plus_gutenberg_show_text_before_share":"","sfsi_plus_gutenberg_icon_type":"","sfsi_plus_gutenberg_icon_alignemt":"","sfsi_plus_gutenburg_max_per_row":"","footnotes":""},"categories":[50,2],"tags":[],"class_list":["post-77072","post","type-post","status-publish","format-standard","has-post-thumbnail","hentry","category-destaque","category-geral"],"_links":{"self":[{"href":"https:\/\/www.caririemacao.com\/1\/wp-json\/wp\/v2\/posts\/77072","targetHints":{"allow":["GET"]}}],"collection":[{"href":"https:\/\/www.caririemacao.com\/1\/wp-json\/wp\/v2\/posts"}],"about":[{"href":"https:\/\/www.caririemacao.com\/1\/wp-json\/wp\/v2\/types\/post"}],"author":[{"embeddable":true,"href":"https:\/\/www.caririemacao.com\/1\/wp-json\/wp\/v2\/users\/1"}],"replies":[{"embeddable":true,"href":"https:\/\/www.caririemacao.com\/1\/wp-json\/wp\/v2\/comments?post=77072"}],"version-history":[{"count":1,"href":"https:\/\/www.caririemacao.com\/1\/wp-json\/wp\/v2\/posts\/77072\/revisions"}],"predecessor-version":[{"id":77074,"href":"https:\/\/www.caririemacao.com\/1\/wp-json\/wp\/v2\/posts\/77072\/revisions\/77074"}],"wp:featuredmedia":[{"embeddable":true,"href":"https:\/\/www.caririemacao.com\/1\/wp-json\/wp\/v2\/media\/77073"}],"wp:attachment":[{"href":"https:\/\/www.caririemacao.com\/1\/wp-json\/wp\/v2\/media?parent=77072"}],"wp:term":[{"taxonomy":"category","embeddable":true,"href":"https:\/\/www.caririemacao.com\/1\/wp-json\/wp\/v2\/categories?post=77072"},{"taxonomy":"post_tag","embeddable":true,"href":"https:\/\/www.caririemacao.com\/1\/wp-json\/wp\/v2\/tags?post=77072"}],"curies":[{"name":"wp","href":"https:\/\/api.w.org\/{rel}","templated":true}]}}