{"id":77078,"date":"2018-12-17T12:35:05","date_gmt":"2018-12-17T15:35:05","guid":{"rendered":"http:\/\/www.caririemacao.com\/1\/?p=77078"},"modified":"2018-12-17T12:35:05","modified_gmt":"2018-12-17T15:35:05","slug":"concursos-na-paraiba-oferecem-277-vagas-para-todos-os-niveis-de-escolaridade","status":"publish","type":"post","link":"https:\/\/www.caririemacao.com\/1\/2018\/12\/17\/concursos-na-paraiba-oferecem-277-vagas-para-todos-os-niveis-de-escolaridade\/","title":{"rendered":"Concursos na Para\u00edba oferecem 277 vagas para todos os n\u00edveis de escolaridade"},"content":{"rendered":"<p>Prefeituras e universidades da Para\u00edba lan\u00e7aram editais para o preenchimento de 277 vagas nas mais diversas \u00e1reas, abrangendo os n\u00edveis fundamental, m\u00e9dio e superior. Algumas inscri\u00e7\u00f5es est\u00e3o sendo realizadas at\u00e9 o dia 23 de dezembro, outras ainda ser\u00e3o inciadas em 2019.\u00a0<strong>Confira todas as oportunidades:<\/strong><\/p>\n<p><strong>Prefeitura de Concei\u00e7\u00e3o<\/strong><\/p>\n<p>A Prefeitura de Concei\u00e7\u00e3o lan\u00e7ou edital com\u00a0a finalidade de preencher 222 vagas para todos os n\u00edveis de escolaridade (fundamental, m\u00e9dio e superior). As inscri\u00e7\u00f5es podem ser realizadas at\u00e9 o dia 23 de dezembro de 2018, exclusivamente, por meio da internet, no site www.contemaxconsultoria.com.br.<\/p>\n<p>H\u00e1 oportunidades para agente administrativo, recepcionista, t\u00e9cnico administrativo, fisioterapeuta, t\u00e9cnico em enfermagem, m\u00e9dico, entre outros. A taxa de inscri\u00e7\u00e3o custa R$ 40,00 para cargos de n\u00edvel fundamental, R$ 60,00 para n\u00edvel m\u00e9dio e R$ 80,00 para os de n\u00edvel superior. Os sal\u00e1rios chegam aos R$ 4 mil. <strong>Veja a lista completa de cargos:<\/strong><\/p>\n<p><strong>N\u00edvel fundamental:<\/strong>\u00a0Agente Administrativo, Agente de Vigil\u00e2ncia, Auxiliar de Consult\u00f3rio Dent\u00e1rio, Auxiliar de Servi\u00e7os Gerais, Condutor de Ve\u00edculo de Urg\u00eancia, Cozinheiro\/Merendeiro, Eletricista, Encanador, Mec\u00e2nico, Motorista, Operador de M\u00e1quinas Pesadas, Porteiro e Recepcionista.<\/p>\n<p><strong>N\u00edvel m\u00e9dio:<\/strong>\u00a0Digitador, Fiscal de Obras e Posturas, Fiscal de Tributos Municipais, Inspetor de Alunos, Monitor de Creche, Orientador Social, T\u00e9cnico Administrativo, T\u00e9cnico em Enfermagem, T\u00e9cnico em Inform\u00e1tica e T\u00e9cnico em Radiologia.<\/p>\n<p><strong>N\u00edvel superior:<\/strong>\u00a0Assistente Social, Enfermeiro, Fisioterapeuta, Farmac\u00eautico, M\u00e9dico, M\u00e9dico Plantonista, Nutricionista, Odont\u00f3logo, Pedagogo, Professor de Anos Iniciais, Professor de Arte, Professor de Ci\u00eancias, Professor de Educa\u00e7\u00e3o Especial, Professor de Educa\u00e7\u00e3o F\u00edsica, Professor de Educa\u00e7\u00e3o Infantil, Professor de Geografia, Professor de Hist\u00f3ria, Professor de Ingl\u00eas, Professor de Matem\u00e1tica, Professor de Portugu\u00eas e Psicopedagogo.<\/p>\n<p><strong>Prefeitura de Umbuzeiro<\/strong><\/p>\n<p>J\u00e1 a Prefeitura de S\u00e3o Sebasti\u00e3o do Umbuzeiro est\u00e1 ofertando 41 vagas para oportunidades em diversas \u00e1reas (n\u00edveis fundamental, m\u00e9dio e superior). Os interessados poder\u00e3o efetuas as inscri\u00e7\u00f5es pela internet, por meio do site\u00a0www.consulpam.com.br, at\u00e9 o dia 10 de janeiro de 2019. As taxas de inscri\u00e7\u00e3o ser\u00e3o de R$ 70, R$ 75 e R$ 100.<\/p>\n<p>As vagas s\u00e3o para:Agente Administrativo, Agente Comunit\u00e1rio de Combate \u00e0s Endemias, Agente Comunit\u00e1rio de Sa\u00fade, Assistente Social, Auxiliar de Servi\u00e7os Gerais, Enfermeiro, Farmac\u00eautico, Fisioterapeuta, M\u00e9dico, Motorista, Motorista Categoria D, Nutricionista, Odont\u00f3logo, Professor (Ci\u00eancias, Educa\u00e7\u00e3o F\u00edsica, Geografia, Hist\u00f3ria, Ingl\u00eas, Matem\u00e1tica, Portugu\u00eas e Tipo A), Psic\u00f3logo, T\u00e9cnico de Sa\u00fade Bucal, T\u00e9cnico em Agropecu\u00e1ria e T\u00e9cnico em Enfermagem.<\/p>\n<p>\u00c0s pessoas com defici\u00eancia ser\u00e3o reservados 5% das vagas destinadas a cada cargo e das que vierem a ser criadas durante o prazo de validade do concurso, desde que as atribui\u00e7\u00f5es do cargo sejam compat\u00edveis com a defici\u00eancia.<\/p>\n<p>Os vencimentos variam de R$ 954,00 a R$ 4.368,00, por jornadas de 20 a 40 horas semanais.<\/p>\n<p><strong>Professores da UFCG<\/strong><\/p>\n<p>Os campi de Campina Grande e Cuit\u00e9 da Universidade Federal de Campina Grande est\u00e3o selecionando um professor adjunto e um professor substituto, respectivamente.\u00a0Em Campina Grande a\u00a0vaga \u00e9 para a \u00e1rea de \u00c1lgebra da Unidade Acad\u00eamica de Matem\u00e1tica e para concorrer ao cargo \u00e9 necess\u00e1rio possuir gradua\u00e7\u00e3o e doutorado em Matem\u00e1tica.<\/p>\n<p>A jornada de trabalho ser\u00e1 de 40 horas semanais, sob regime de dedica\u00e7\u00e3o exclusiva e a remunera\u00e7\u00e3o total \u00e9 de R$ 9.600,92.<\/p>\n<p>As inscri\u00e7\u00f5es ser\u00e3o realizadas na Secretaria da Unidade Acad\u00eamica de Matem\u00e1tica do Campus Campina Grande, entre os dias 10 e 20 de dezembro de 2018. O valor da taxa de inscri\u00e7\u00e3o \u00e9 de R$ 150,00.<\/p>\n<p>J\u00e1 na cidade de Cuit\u00e9, a\u00a0vaga \u00e9 para a \u00e1rea de Enfermagem em Oncologia, Sa\u00fade do Trabalhador, \u00c9tica, Bio\u00e9tica e Legisla\u00e7\u00e3o em Enfermagem. As inscri\u00e7\u00e3o est\u00e3o previstas para serem iniciadas apenas no ano que vem, no dia 28 de janeiro.<\/p>\n<p>A jornada de trabalho ser\u00e1 de 20 horas semanais e a remunera\u00e7\u00e3o \u00e9 de R$ 2.236,31.<\/p>\n<p><strong>Professor da UFPB<\/strong><\/p>\n<p>A Universidade Federal da Para\u00edba (UFPB) publicou edital que visa selecionar 12 professores nas \u00e1reas de\u00a0Gen\u00e9tica,\u00a0Ictiologia,\u00a0Oftalmologia,<br \/>\nDoen\u00e7as Prevalentes do Sistema End\u00f3crino\/Internato,\u00a0Obstetr\u00edcia,\u00a0Gen\u00e9tica M\u00e9dica,\u00a0Pediatria,\u00a0Materiais e Processos de Fabrica\u00e7\u00e3o,\u00a0Produ\u00e7\u00e3o Audiovisual,\u00a0Radialismo,\u00a0Rela\u00e7\u00f5es P\u00fablicas e Fundamentos da Educa\u00e7\u00e3o.<\/p>\n<p>A remunera\u00e7\u00e3o varia de R$ 2.236,31 a R$ 9.600,92 para jornada de 20 a 40 horas semanais.\u00a0<strong><a href=\"http:\/\/www.in.gov.br\/materia\/-\/asset_publisher\/Kujrw0TZC2Mb\/content\/id\/53029149\/do3-2018-12-03-edital-n-115-de-30-de-novembro-de-2018-concurso-publico-de-provas-e-titulos-para-professor-do-magisterio-superior-53028807\">As inscri\u00e7\u00f5es ser\u00e3o realizadas no respectivo Departamento e em per\u00edodos distintos, conforme a vaga.<\/a>\u00a0<\/strong><\/p>\n<p>&nbsp;<\/p>\n<p>Blog do Gordinho<\/p>\n","protected":false},"excerpt":{"rendered":"<p>Prefeituras e universidades da Para\u00edba lan\u00e7aram editais para o preenchimento de 277 vagas nas mais diversas \u00e1reas, abrangendo os n\u00edveis fundamental, m\u00e9dio e superior. Algumas&hellip; <\/p>\n","protected":false},"author":1,"featured_media":68227,"comment_status":"closed","ping_status":"closed","sticky":false,"template":"","format":"standard","meta":{"sfsi_plus_gutenberg_text_before_share":"","sfsi_plus_gutenberg_show_text_before_share":"","sfsi_plus_gutenberg_icon_type":"","sfsi_plus_gutenberg_icon_alignemt":"","sfsi_plus_gutenburg_max_per_row":"","footnotes":""},"categories":[50,2],"tags":[],"class_list":["post-77078","post","type-post","status-publish","format-standard","has-post-thumbnail","hentry","category-destaque","category-geral"],"_links":{"self":[{"href":"https:\/\/www.caririemacao.com\/1\/wp-json\/wp\/v2\/posts\/77078","targetHints":{"allow":["GET"]}}],"collection":[{"href":"https:\/\/www.caririemacao.com\/1\/wp-json\/wp\/v2\/posts"}],"about":[{"href":"https:\/\/www.caririemacao.com\/1\/wp-json\/wp\/v2\/types\/post"}],"author":[{"embeddable":true,"href":"https:\/\/www.caririemacao.com\/1\/wp-json\/wp\/v2\/users\/1"}],"replies":[{"embeddable":true,"href":"https:\/\/www.caririemacao.com\/1\/wp-json\/wp\/v2\/comments?post=77078"}],"version-history":[{"count":1,"href":"https:\/\/www.caririemacao.com\/1\/wp-json\/wp\/v2\/posts\/77078\/revisions"}],"predecessor-version":[{"id":77079,"href":"https:\/\/www.caririemacao.com\/1\/wp-json\/wp\/v2\/posts\/77078\/revisions\/77079"}],"wp:featuredmedia":[{"embeddable":true,"href":"https:\/\/www.caririemacao.com\/1\/wp-json\/wp\/v2\/media\/68227"}],"wp:attachment":[{"href":"https:\/\/www.caririemacao.com\/1\/wp-json\/wp\/v2\/media?parent=77078"}],"wp:term":[{"taxonomy":"category","embeddable":true,"href":"https:\/\/www.caririemacao.com\/1\/wp-json\/wp\/v2\/categories?post=77078"},{"taxonomy":"post_tag","embeddable":true,"href":"https:\/\/www.caririemacao.com\/1\/wp-json\/wp\/v2\/tags?post=77078"}],"curies":[{"name":"wp","href":"https:\/\/api.w.org\/{rel}","templated":true}]}}