{"id":77080,"date":"2018-12-17T12:38:09","date_gmt":"2018-12-17T15:38:09","guid":{"rendered":"http:\/\/www.caririemacao.com\/1\/?p=77080"},"modified":"2018-12-17T12:38:09","modified_gmt":"2018-12-17T15:38:09","slug":"nasa-divulga-imagens-ineditas-do-46p-wirtanen-o-cometa-do-natal","status":"publish","type":"post","link":"https:\/\/www.caririemacao.com\/1\/2018\/12\/17\/nasa-divulga-imagens-ineditas-do-46p-wirtanen-o-cometa-do-natal\/","title":{"rendered":"Nasa divulga imagens in\u00e9ditas do 46P\/Wirtanen, o \u2018cometa do Natal\u2019"},"content":{"rendered":"<div id=\"attachment_188136\" class=\"wp-caption alignleft\"><a class=\"single-image-gallery\" href=\"http:\/\/www.blogdogordinho.com.br\/nasa-divulga-imagens-ineditas-do-46p-wirtanen-o-cometa-do-natal\/cometa-46p-wirtanen\/\" rel=\"attachment wp-att-188136\"><img fetchpriority=\"high\" decoding=\"async\" class=\"size-full wp-image-188136\" src=\"https:\/\/i0.wp.com\/www.blogdogordinho.com.br\/site\/wp-content\/uploads\/2018\/12\/Cometa-46P-Wirtanen.jpg?resize=1000%2C1000\" sizes=\"(max-width: 1000px) 100vw, 1000px\" srcset=\"https:\/\/i0.wp.com\/www.blogdogordinho.com.br\/site\/wp-content\/uploads\/2018\/12\/Cometa-46P-Wirtanen.jpg?w=1000 1000w, https:\/\/i0.wp.com\/www.blogdogordinho.com.br\/site\/wp-content\/uploads\/2018\/12\/Cometa-46P-Wirtanen.jpg?resize=150%2C150 150w, https:\/\/i0.wp.com\/www.blogdogordinho.com.br\/site\/wp-content\/uploads\/2018\/12\/Cometa-46P-Wirtanen.jpg?resize=300%2C300 300w, https:\/\/i0.wp.com\/www.blogdogordinho.com.br\/site\/wp-content\/uploads\/2018\/12\/Cometa-46P-Wirtanen.jpg?resize=768%2C768 768w\" alt=\"\" width=\"609\" height=\"609\" data-attachment-id=\"188136\" data-permalink=\"http:\/\/www.blogdogordinho.com.br\/nasa-divulga-imagens-ineditas-do-46p-wirtanen-o-cometa-do-natal\/cometa-46p-wirtanen\/\" data-orig-file=\"https:\/\/i0.wp.com\/www.blogdogordinho.com.br\/site\/wp-content\/uploads\/2018\/12\/Cometa-46P-Wirtanen.jpg?fit=1000%2C1000\" data-orig-size=\"1000,1000\" data-comments-opened=\"1\" data-image-meta=\"{&quot;aperture&quot;:&quot;0&quot;,&quot;credit&quot;:&quot;&quot;,&quot;camera&quot;:&quot;&quot;,&quot;caption&quot;:&quot;&quot;,&quot;created_timestamp&quot;:&quot;0&quot;,&quot;copyright&quot;:&quot;&quot;,&quot;focal_length&quot;:&quot;0&quot;,&quot;iso&quot;:&quot;0&quot;,&quot;shutter_speed&quot;:&quot;0&quot;,&quot;title&quot;:&quot;&quot;,&quot;orientation&quot;:&quot;0&quot;}\" data-image-title=\"Cometa 46P Wirtanen\" data-image-description=\"\" data-medium-file=\"https:\/\/i0.wp.com\/www.blogdogordinho.com.br\/site\/wp-content\/uploads\/2018\/12\/Cometa-46P-Wirtanen.jpg?fit=300%2C300\" data-large-file=\"https:\/\/i0.wp.com\/www.blogdogordinho.com.br\/site\/wp-content\/uploads\/2018\/12\/Cometa-46P-Wirtanen.jpg?fit=1000%2C1000\" \/><\/a><\/p>\n<p class=\"wp-caption-text\">Cometa 46P\/Wirtanen \u2014 Foto: Nasa<\/p>\n<\/div>\n<p>&nbsp;<\/p>\n<p>&nbsp;<\/p>\n<p>&nbsp;<\/p>\n<p>&nbsp;<\/p>\n<p>&nbsp;<\/p>\n<p>&nbsp;<\/p>\n<p>&nbsp;<\/p>\n<p>&nbsp;<\/p>\n<p>&nbsp;<\/p>\n<p>&nbsp;<\/p>\n<p>&nbsp;<\/p>\n<p>&nbsp;<\/p>\n<p>&nbsp;<\/p>\n<p>&nbsp;<\/p>\n<p>&nbsp;<\/p>\n<p>&nbsp;<\/p>\n<p>&nbsp;<\/p>\n<p>A Ag\u00eancia Espacial Americana, Nasa, divulgou fotos do 46P\/Wirtanen, conhecido como \u2018Cometa de Natal\u2019. Neste domingo (16), ele passou a uma dist\u00e2ncia de pouco mais de 11 milh\u00f5es de quil\u00f4metros da Terra, o que d\u00e1 trinta vezes a dist\u00e2ncia para a Lua.<\/p>\n<p>O 46P completa sua \u00f3rbita a cada 5 anos e meio e, na maioria da vezes, passa muito longe da Terra para ficar vis\u00edvel a n\u00f3s. Desta vez, foi t\u00e3o perto que deu para ver a olho nu: foi a d\u00e9cima maior aproxima\u00e7\u00e3o de um cometa da Terra em toda a era moderna e o mais brilhante em 20 anos.<\/p>\n<p>\u201cEste pode ser um dos mais brilhantes cometas [a se aproximar da Terra] em anos, oferecendo aos astr\u00f4nomos uma oportunidade importante de estudar um cometa de perto com telesc\u00f3pios terrestres, tanto \u00f3pticos quanto de radar\u201d, disse Paul Chodas, gerente do Centro de Estudos de Objetos da Terra no Laborat\u00f3rio de Propuls\u00e3o a Jato da Nasa em Pasadena, Calif\u00f3rnia.<\/p>\n<p>O \u201ccometa do Natal\u201d \u00e9 verde. A cor \u00e9 recorrente em cometas, como Lovejoy e Machhol, e se deve a sua coma \u2013 a nuvem brilhante de g\u00e1s e poeira que o envolve. Ela tem cianog\u00eanio e carbono diat\u00f4mico, que brilham na cor verde quando s\u00e3o ionizadas pela luz do sol.<\/p>\n<p>O \u201ccometa de Natal\u201d tamb\u00e9m \u00e9 \u201chiperativo\u201d. Especialistas afirma que esses parecem \u201cemitir mais \u00e1gua do que deveriam devido ao tamanho do seu n\u00facleo\u201d, explica a Universidade de Maryland.<\/p>\n<p>O 46P\/Wirtanen foi descoberto em 1948 pelo astr\u00f4nomo Carl Wirtanen. Com uma largura de 1,1 quil\u00f4metro, o 46P \/ Wirtanen tem uma \u00f3rbita considerada r\u00e1pida para um cometa \u2013 ele completa um ciclo a cada 5,4 anos. Em compara\u00e7\u00e3o, os cometas de per\u00edodo longo completam uma \u00f3rbita em 200 anos ou mais.<\/p>\n<p>&nbsp;<\/p>\n<p>G1<\/p>\n","protected":false},"excerpt":{"rendered":"<p>Cometa 46P\/Wirtanen \u2014 Foto: Nasa &nbsp; &nbsp; &nbsp; &nbsp; &nbsp; &nbsp; &nbsp; &nbsp; &nbsp; &nbsp; &nbsp; &nbsp; &nbsp; &nbsp; &nbsp; &nbsp; &nbsp; A Ag\u00eancia Espacial&hellip; <\/p>\n","protected":false},"author":1,"featured_media":77081,"comment_status":"closed","ping_status":"closed","sticky":false,"template":"","format":"standard","meta":{"sfsi_plus_gutenberg_text_before_share":"","sfsi_plus_gutenberg_show_text_before_share":"","sfsi_plus_gutenberg_icon_type":"","sfsi_plus_gutenberg_icon_alignemt":"","sfsi_plus_gutenburg_max_per_row":"","footnotes":""},"categories":[2],"tags":[],"class_list":["post-77080","post","type-post","status-publish","format-standard","has-post-thumbnail","hentry","category-geral"],"_links":{"self":[{"href":"https:\/\/www.caririemacao.com\/1\/wp-json\/wp\/v2\/posts\/77080","targetHints":{"allow":["GET"]}}],"collection":[{"href":"https:\/\/www.caririemacao.com\/1\/wp-json\/wp\/v2\/posts"}],"about":[{"href":"https:\/\/www.caririemacao.com\/1\/wp-json\/wp\/v2\/types\/post"}],"author":[{"embeddable":true,"href":"https:\/\/www.caririemacao.com\/1\/wp-json\/wp\/v2\/users\/1"}],"replies":[{"embeddable":true,"href":"https:\/\/www.caririemacao.com\/1\/wp-json\/wp\/v2\/comments?post=77080"}],"version-history":[{"count":1,"href":"https:\/\/www.caririemacao.com\/1\/wp-json\/wp\/v2\/posts\/77080\/revisions"}],"predecessor-version":[{"id":77082,"href":"https:\/\/www.caririemacao.com\/1\/wp-json\/wp\/v2\/posts\/77080\/revisions\/77082"}],"wp:featuredmedia":[{"embeddable":true,"href":"https:\/\/www.caririemacao.com\/1\/wp-json\/wp\/v2\/media\/77081"}],"wp:attachment":[{"href":"https:\/\/www.caririemacao.com\/1\/wp-json\/wp\/v2\/media?parent=77080"}],"wp:term":[{"taxonomy":"category","embeddable":true,"href":"https:\/\/www.caririemacao.com\/1\/wp-json\/wp\/v2\/categories?post=77080"},{"taxonomy":"post_tag","embeddable":true,"href":"https:\/\/www.caririemacao.com\/1\/wp-json\/wp\/v2\/tags?post=77080"}],"curies":[{"name":"wp","href":"https:\/\/api.w.org\/{rel}","templated":true}]}}