{"id":77093,"date":"2018-12-17T12:52:45","date_gmt":"2018-12-17T15:52:45","guid":{"rendered":"http:\/\/www.caririemacao.com\/1\/?p=77093"},"modified":"2018-12-17T12:52:45","modified_gmt":"2018-12-17T15:52:45","slug":"musical-natalino-sera-apresentado-nesta-terca-feira-em-camalau","status":"publish","type":"post","link":"https:\/\/www.caririemacao.com\/1\/2018\/12\/17\/musical-natalino-sera-apresentado-nesta-terca-feira-em-camalau\/","title":{"rendered":"Musical Natalino ser\u00e1 apresentado nesta ter\u00e7a feira em Camala\u00fa"},"content":{"rendered":"<p>O Governo Municipal de Camala\u00fa em nome do Prefeito Sandro M\u00f4co atrav\u00e9s da Secretaria de Trabalho e A\u00e7\u00e3o Social, convida toda a popula\u00e7\u00e3o camalauense para assistir o musical \u201cMAIS AMOR POR FAVOR\u201d, que ser\u00e1 apresentado pelas crian\u00e7as, adolescentes e idosos do Servi\u00e7o de Conviv\u00eancia e Fortalecimento de V\u00ednculos.<\/p>\n<p>O Musical acontece neste dia 18 de dezembro de 2018 na pra\u00e7a de eventos a partir das 18:30<\/p>\n<p>&nbsp;<\/p>\n<p>Ascom<\/p>\n","protected":false},"excerpt":{"rendered":"<p>O Governo Municipal de Camala\u00fa em nome do Prefeito Sandro M\u00f4co atrav\u00e9s da Secretaria de Trabalho e A\u00e7\u00e3o Social, convida toda a popula\u00e7\u00e3o camalauense para&hellip; <\/p>\n","protected":false},"author":1,"featured_media":77094,"comment_status":"closed","ping_status":"closed","sticky":false,"template":"","format":"standard","meta":{"sfsi_plus_gutenberg_text_before_share":"","sfsi_plus_gutenberg_show_text_before_share":"","sfsi_plus_gutenberg_icon_type":"","sfsi_plus_gutenberg_icon_alignemt":"","sfsi_plus_gutenburg_max_per_row":"","footnotes":""},"categories":[6],"tags":[],"class_list":["post-77093","post","type-post","status-publish","format-standard","has-post-thumbnail","hentry","category-cidades"],"_links":{"self":[{"href":"https:\/\/www.caririemacao.com\/1\/wp-json\/wp\/v2\/posts\/77093","targetHints":{"allow":["GET"]}}],"collection":[{"href":"https:\/\/www.caririemacao.com\/1\/wp-json\/wp\/v2\/posts"}],"about":[{"href":"https:\/\/www.caririemacao.com\/1\/wp-json\/wp\/v2\/types\/post"}],"author":[{"embeddable":true,"href":"https:\/\/www.caririemacao.com\/1\/wp-json\/wp\/v2\/users\/1"}],"replies":[{"embeddable":true,"href":"https:\/\/www.caririemacao.com\/1\/wp-json\/wp\/v2\/comments?post=77093"}],"version-history":[{"count":1,"href":"https:\/\/www.caririemacao.com\/1\/wp-json\/wp\/v2\/posts\/77093\/revisions"}],"predecessor-version":[{"id":77095,"href":"https:\/\/www.caririemacao.com\/1\/wp-json\/wp\/v2\/posts\/77093\/revisions\/77095"}],"wp:featuredmedia":[{"embeddable":true,"href":"https:\/\/www.caririemacao.com\/1\/wp-json\/wp\/v2\/media\/77094"}],"wp:attachment":[{"href":"https:\/\/www.caririemacao.com\/1\/wp-json\/wp\/v2\/media?parent=77093"}],"wp:term":[{"taxonomy":"category","embeddable":true,"href":"https:\/\/www.caririemacao.com\/1\/wp-json\/wp\/v2\/categories?post=77093"},{"taxonomy":"post_tag","embeddable":true,"href":"https:\/\/www.caririemacao.com\/1\/wp-json\/wp\/v2\/tags?post=77093"}],"curies":[{"name":"wp","href":"https:\/\/api.w.org\/{rel}","templated":true}]}}