{"id":77120,"date":"2018-12-17T14:28:05","date_gmt":"2018-12-17T17:28:05","guid":{"rendered":"http:\/\/www.caririemacao.com\/1\/?p=77120"},"modified":"2018-12-17T14:28:05","modified_gmt":"2018-12-17T17:28:05","slug":"parcelas-dos-cartoes-de-credito-terao-taxas-menores-em-2019-afirma-especialista","status":"publish","type":"post","link":"https:\/\/www.caririemacao.com\/1\/2018\/12\/17\/parcelas-dos-cartoes-de-credito-terao-taxas-menores-em-2019-afirma-especialista\/","title":{"rendered":"Parcelas dos cart\u00f5es de credito ter\u00e3o taxas menores em 2019, afirma especialista"},"content":{"rendered":"<p>As empresas de cart\u00f5es de cr\u00e9dito devem lan\u00e7ar at\u00e9 o fim do primeiro trimestre de 2019 uma nova forma de parcelamento das compras, que informar\u00e1 ao cliente, na hora da transa\u00e7\u00e3o, qual a taxa de juros que ele efetivamente pagar\u00e1 na compra. A expectativa do mercado \u00e9 que os juros do novo produto sejam menores do que os cobrados hoje no parcelamento tradicional da fatura.<\/p>\n<div class=\"green-area t-left t-cont text-center\">\n<div class=\"anuncio\">\n<div id=\"div-gpt-ad-1493386374551-0\" data-google-query-id=\"CMn4vumhp98CFRF3wQodz9kD7A\">\n<div id=\"google_ads_iframe_\/21685702823\/New_Sec_Conteudo_0__container__\">\u201cJ\u00e1 estamos na fase de testes (do novo sistema de parcelamento) para padronizar o funcionamento das maquininhas. O consumidor saber\u00e1 na hora o valor da parcela e a taxa de juros cobrada. Ele poder\u00e1 comparar at\u00e9 tr\u00eas simula\u00e7\u00f5es, com n\u00fameros diferentes de parcelas\u201d, disse Ricardo Vieira, diretor executivo da Abecs (Associa\u00e7\u00e3o Brasileira das Empresas de Cart\u00f5es de Cr\u00e9dito e Servi\u00e7os).<\/div>\n<\/div>\n<\/div>\n<\/div>\n<p>O novo produto, que est\u00e1 sendo chamado pela Abecs de \u201cCredi\u00e1rio\u201d, ser\u00e1 uma alternativa ao parcelamento sem juros oferecido hoje por alguns lojistas. De acordo a Abecs, o parcelamento sem juros n\u00e3o ser\u00e1 extinto. Caber\u00e1 a cada lojista escolher qual forma de parcelamento pretende oferecer.<\/p>\n<p>\u201cNa pr\u00e1tica, estamos dando a oportunidade ao pequeno lojista de se financiar utilizando um cr\u00e9dito mais barato. Hoje, eles n\u00e3o t\u00eam condi\u00e7\u00f5es de captar recursos com o mesmo custo de grandes redes de varejo\u201d, afirmou o executivo da Abecs.<\/p>\n<p>&nbsp;<\/p>\n<p>PBAgora<\/p>\n","protected":false},"excerpt":{"rendered":"<p>As empresas de cart\u00f5es de cr\u00e9dito devem lan\u00e7ar at\u00e9 o fim do primeiro trimestre de 2019 uma nova forma de parcelamento das compras, que informar\u00e1&hellip; <\/p>\n","protected":false},"author":1,"featured_media":17025,"comment_status":"closed","ping_status":"closed","sticky":false,"template":"","format":"standard","meta":{"sfsi_plus_gutenberg_text_before_share":"","sfsi_plus_gutenberg_show_text_before_share":"","sfsi_plus_gutenberg_icon_type":"","sfsi_plus_gutenberg_icon_alignemt":"","sfsi_plus_gutenburg_max_per_row":"","footnotes":""},"categories":[2],"tags":[],"class_list":["post-77120","post","type-post","status-publish","format-standard","has-post-thumbnail","hentry","category-geral"],"_links":{"self":[{"href":"https:\/\/www.caririemacao.com\/1\/wp-json\/wp\/v2\/posts\/77120","targetHints":{"allow":["GET"]}}],"collection":[{"href":"https:\/\/www.caririemacao.com\/1\/wp-json\/wp\/v2\/posts"}],"about":[{"href":"https:\/\/www.caririemacao.com\/1\/wp-json\/wp\/v2\/types\/post"}],"author":[{"embeddable":true,"href":"https:\/\/www.caririemacao.com\/1\/wp-json\/wp\/v2\/users\/1"}],"replies":[{"embeddable":true,"href":"https:\/\/www.caririemacao.com\/1\/wp-json\/wp\/v2\/comments?post=77120"}],"version-history":[{"count":1,"href":"https:\/\/www.caririemacao.com\/1\/wp-json\/wp\/v2\/posts\/77120\/revisions"}],"predecessor-version":[{"id":77121,"href":"https:\/\/www.caririemacao.com\/1\/wp-json\/wp\/v2\/posts\/77120\/revisions\/77121"}],"wp:featuredmedia":[{"embeddable":true,"href":"https:\/\/www.caririemacao.com\/1\/wp-json\/wp\/v2\/media\/17025"}],"wp:attachment":[{"href":"https:\/\/www.caririemacao.com\/1\/wp-json\/wp\/v2\/media?parent=77120"}],"wp:term":[{"taxonomy":"category","embeddable":true,"href":"https:\/\/www.caririemacao.com\/1\/wp-json\/wp\/v2\/categories?post=77120"},{"taxonomy":"post_tag","embeddable":true,"href":"https:\/\/www.caririemacao.com\/1\/wp-json\/wp\/v2\/tags?post=77120"}],"curies":[{"name":"wp","href":"https:\/\/api.w.org\/{rel}","templated":true}]}}