{"id":77133,"date":"2018-12-17T15:25:13","date_gmt":"2018-12-17T18:25:13","guid":{"rendered":"http:\/\/www.caririemacao.com\/1\/?p=77133"},"modified":"2018-12-17T15:25:58","modified_gmt":"2018-12-17T18:25:58","slug":"cnj-preve-votar-nesta-terca-auxilio-moradia-mais-restrito-para-juizes","status":"publish","type":"post","link":"https:\/\/www.caririemacao.com\/1\/2018\/12\/17\/cnj-preve-votar-nesta-terca-auxilio-moradia-mais-restrito-para-juizes\/","title":{"rendered":"CNJ prev\u00ea votar nesta ter\u00e7a aux\u00edlio-moradia mais restrito para ju\u00edzes"},"content":{"rendered":"<p>O novo aux\u00edlio-moradia para ju\u00edzes dever\u00e1 ser pago mediante comprova\u00e7\u00e3o da despesa com aluguel e de modo mais restrito, como, por exemplo, para magistrados que forem transferidos por demanda do servi\u00e7o p\u00fablico, e n\u00e3o por op\u00e7\u00e3o pessoal.As discuss\u00f5es apontam para a manuten\u00e7\u00e3o do valor anterior, de R$ 4.377 por m\u00eas.<\/p>\n<p>A tend\u00eancia \u00e9 que o CNJ (Conselho Nacional de Justi\u00e7a), presidido pelo ministro Dias Toffoli, do STF (Supremo Tribunal Federal), vote nesta ter\u00e7a (18) a nova regulamenta\u00e7\u00e3o para o benef\u00edcio.<\/p>\n<p>A ideia \u00e9 endurecer a concess\u00e3o do aux\u00edlio criando uma s\u00e9rie de pr\u00e9-requisitos para o seu recebimento.<\/p>\n<p>N\u00e3o h\u00e1 uma estimativa de quantos ju\u00edzes poder\u00e3o ser alcan\u00e7ados pelas novas regras.<\/p>\n<p>A transfer\u00eancia de um magistrado de cidade \u00e9 um dos principais pr\u00e9-requisitos em an\u00e1lise.<\/p>\n<p>Num exemplo hipot\u00e9tico, se um morador do Rio Grande do Sul passar num concurso para ser juiz estadual no Amazonas, ele n\u00e3o dever\u00e1 receber o aux\u00edlio, porque optou por prestar o concurso e mudar de cidade.<\/p>\n<p>No entanto, uma vez no Amazonas, se esse juiz for transferido de Manaus para S\u00e3o Gabriel da Cachoeira, por uma necessidade do Judici\u00e1rio local, ele dever\u00e1 ganhar o aux\u00edlio-moradia, de acordo com nova regulamenta\u00e7\u00e3o em discuss\u00e3o no CNJ.<\/p>\n<p>Para tanto, esse magistrado ter\u00e1 de apresentar, antes de receber o recurso, o comprovante de pagamento de aluguel (sem incluir \u00e1gua, luz e condom\u00ednio, por exemplo).<\/p>\n<p>O aux\u00edlio-moradia vinha sendo pago indiscriminadamente a todos os ju\u00edzes e membros do Minist\u00e9rio P\u00fablico desde setembro de 2014 por for\u00e7a de uma decis\u00e3o liminar (provis\u00f3ria) do ministro do STF Luiz Fux.<\/p>\n<p>No \u00faltimo dia 26 de novembro, o pr\u00f3prio ministro o suspendeu.<\/p>\n<p>A revoga\u00e7\u00e3o feita por Fux veio no mesmo dia em que o presidente da Rep\u00fablica, Michel Temer, sancionou um reajuste de 16,38% para a magistratura.<\/p>\n<p>Em agosto, Toffoli e Temer haviam acordado que o benef\u00edcio seria extinto se o reajuste salarial entrasse em vigor.<\/p>\n<p>Em sua decis\u00e3o, o ministro Fux afirmou que considera o aux\u00edlio-moradia legal e constitucional -discuss\u00e3o que o plen\u00e1rio do STF jamais fez-, mas que sua suspens\u00e3o se daria por raz\u00f5es econ\u00f4micas.<\/p>\n<p>Fux, ent\u00e3o, determinou que o CNJ e o CNMP (Conselho Nacional do Minist\u00e9rio P\u00fablico) criassem uma nova regulamenta\u00e7\u00e3o para a volta do benef\u00edcio.<\/p>\n<p>As associa\u00e7\u00f5es que representam os membros das carreiras jur\u00eddicas t\u00eam pressionado para que a nova regulamenta\u00e7\u00e3o saia r\u00e1pido.<\/p>\n<p>As regras estipuladas pelo CNJ para os ju\u00edzes dever\u00e3o ser discutidas e replicadas depois pelo CNMP, presidido pela procuradora-geral, Raquel Dodge, conforme determinou Fux na decis\u00e3o, que afirmou que ser mantida a simetria entre as carreiras.<\/p>\n<p>&nbsp;<\/p>\n<p>EBC<\/p>\n","protected":false},"excerpt":{"rendered":"<p>O novo aux\u00edlio-moradia para ju\u00edzes dever\u00e1 ser pago mediante comprova\u00e7\u00e3o da despesa com aluguel e de modo mais restrito, como, por exemplo, para magistrados que&hellip; <\/p>\n","protected":false},"author":1,"featured_media":40687,"comment_status":"closed","ping_status":"closed","sticky":false,"template":"","format":"standard","meta":{"sfsi_plus_gutenberg_text_before_share":"","sfsi_plus_gutenberg_show_text_before_share":"","sfsi_plus_gutenberg_icon_type":"","sfsi_plus_gutenberg_icon_alignemt":"","sfsi_plus_gutenburg_max_per_row":"","footnotes":""},"categories":[11],"tags":[],"class_list":["post-77133","post","type-post","status-publish","format-standard","has-post-thumbnail","hentry","category-politica"],"_links":{"self":[{"href":"https:\/\/www.caririemacao.com\/1\/wp-json\/wp\/v2\/posts\/77133","targetHints":{"allow":["GET"]}}],"collection":[{"href":"https:\/\/www.caririemacao.com\/1\/wp-json\/wp\/v2\/posts"}],"about":[{"href":"https:\/\/www.caririemacao.com\/1\/wp-json\/wp\/v2\/types\/post"}],"author":[{"embeddable":true,"href":"https:\/\/www.caririemacao.com\/1\/wp-json\/wp\/v2\/users\/1"}],"replies":[{"embeddable":true,"href":"https:\/\/www.caririemacao.com\/1\/wp-json\/wp\/v2\/comments?post=77133"}],"version-history":[{"count":1,"href":"https:\/\/www.caririemacao.com\/1\/wp-json\/wp\/v2\/posts\/77133\/revisions"}],"predecessor-version":[{"id":77134,"href":"https:\/\/www.caririemacao.com\/1\/wp-json\/wp\/v2\/posts\/77133\/revisions\/77134"}],"wp:featuredmedia":[{"embeddable":true,"href":"https:\/\/www.caririemacao.com\/1\/wp-json\/wp\/v2\/media\/40687"}],"wp:attachment":[{"href":"https:\/\/www.caririemacao.com\/1\/wp-json\/wp\/v2\/media?parent=77133"}],"wp:term":[{"taxonomy":"category","embeddable":true,"href":"https:\/\/www.caririemacao.com\/1\/wp-json\/wp\/v2\/categories?post=77133"},{"taxonomy":"post_tag","embeddable":true,"href":"https:\/\/www.caririemacao.com\/1\/wp-json\/wp\/v2\/tags?post=77133"}],"curies":[{"name":"wp","href":"https:\/\/api.w.org\/{rel}","templated":true}]}}