{"id":77137,"date":"2018-12-17T15:35:48","date_gmt":"2018-12-17T18:35:48","guid":{"rendered":"http:\/\/www.caririemacao.com\/1\/?p=77137"},"modified":"2018-12-17T15:35:48","modified_gmt":"2018-12-17T18:35:48","slug":"bolsonaro-antecipa-retorno-a-brasilia-para-reunir-ministros","status":"publish","type":"post","link":"https:\/\/www.caririemacao.com\/1\/2018\/12\/17\/bolsonaro-antecipa-retorno-a-brasilia-para-reunir-ministros\/","title":{"rendered":"Bolsonaro antecipa retorno a Bras\u00edlia para reunir ministros"},"content":{"rendered":"<p>O presidente eleito, Jair Bolsonaro (PSL), far\u00e1 uma reuni\u00e3o com os 22 ministros nomeados por ele na quarta-feira (19), em Bras\u00edlia. Segundo sua assessoria, n\u00e3o h\u00e1 uma pauta espec\u00edfica.<\/p>\n<p>Ser\u00e1 o primeiro encontro do primeiro escal\u00e3o completo. Bolsonaro reuniu ministros anteriormente, mas ainda faltavam as \u00faltimas indica\u00e7\u00f5es.<\/p>\n<p>Sua equipe havia dito que a previs\u00e3o era que o presidente eleito voltaria \u00e0 capital federal no dia 29, \u00e0s v\u00e9speras da posse, no dia 1\u00ba de janeiro.<\/p>\n<p>Durante o per\u00edodo de transi\u00e7\u00e3o, Bolsonaro tem optado por passar parte da semana em Bras\u00edlia e parte no Rio de Janeiro.<\/p>\n<p>&nbsp;<\/p>\n<p>Ag\u00eancia Brasil<\/p>\n","protected":false},"excerpt":{"rendered":"<p>O presidente eleito, Jair Bolsonaro (PSL), far\u00e1 uma reuni\u00e3o com os 22 ministros nomeados por ele na quarta-feira (19), em Bras\u00edlia. Segundo sua assessoria, n\u00e3o&hellip; <\/p>\n","protected":false},"author":1,"featured_media":77138,"comment_status":"closed","ping_status":"closed","sticky":false,"template":"","format":"standard","meta":{"sfsi_plus_gutenberg_text_before_share":"","sfsi_plus_gutenberg_show_text_before_share":"","sfsi_plus_gutenberg_icon_type":"","sfsi_plus_gutenberg_icon_alignemt":"","sfsi_plus_gutenburg_max_per_row":"","footnotes":""},"categories":[11],"tags":[],"class_list":["post-77137","post","type-post","status-publish","format-standard","has-post-thumbnail","hentry","category-politica"],"_links":{"self":[{"href":"https:\/\/www.caririemacao.com\/1\/wp-json\/wp\/v2\/posts\/77137","targetHints":{"allow":["GET"]}}],"collection":[{"href":"https:\/\/www.caririemacao.com\/1\/wp-json\/wp\/v2\/posts"}],"about":[{"href":"https:\/\/www.caririemacao.com\/1\/wp-json\/wp\/v2\/types\/post"}],"author":[{"embeddable":true,"href":"https:\/\/www.caririemacao.com\/1\/wp-json\/wp\/v2\/users\/1"}],"replies":[{"embeddable":true,"href":"https:\/\/www.caririemacao.com\/1\/wp-json\/wp\/v2\/comments?post=77137"}],"version-history":[{"count":1,"href":"https:\/\/www.caririemacao.com\/1\/wp-json\/wp\/v2\/posts\/77137\/revisions"}],"predecessor-version":[{"id":77139,"href":"https:\/\/www.caririemacao.com\/1\/wp-json\/wp\/v2\/posts\/77137\/revisions\/77139"}],"wp:featuredmedia":[{"embeddable":true,"href":"https:\/\/www.caririemacao.com\/1\/wp-json\/wp\/v2\/media\/77138"}],"wp:attachment":[{"href":"https:\/\/www.caririemacao.com\/1\/wp-json\/wp\/v2\/media?parent=77137"}],"wp:term":[{"taxonomy":"category","embeddable":true,"href":"https:\/\/www.caririemacao.com\/1\/wp-json\/wp\/v2\/categories?post=77137"},{"taxonomy":"post_tag","embeddable":true,"href":"https:\/\/www.caririemacao.com\/1\/wp-json\/wp\/v2\/tags?post=77137"}],"curies":[{"name":"wp","href":"https:\/\/api.w.org\/{rel}","templated":true}]}}