{"id":77141,"date":"2018-12-17T15:37:55","date_gmt":"2018-12-17T18:37:55","guid":{"rendered":"http:\/\/www.caririemacao.com\/1\/?p=77141"},"modified":"2018-12-17T15:37:55","modified_gmt":"2018-12-17T18:37:55","slug":"ricardo-coutinho-tomara-posse-na-presidencia-da-fundacao-joao-mangabeira-nesta-segunda","status":"publish","type":"post","link":"https:\/\/www.caririemacao.com\/1\/2018\/12\/17\/ricardo-coutinho-tomara-posse-na-presidencia-da-fundacao-joao-mangabeira-nesta-segunda\/","title":{"rendered":"Ricardo Coutinho tomar\u00e1 posse na presid\u00eancia da Funda\u00e7\u00e3o Jo\u00e3o Mangabeira, nesta segunda"},"content":{"rendered":"<p>O presidente do Partido Socialista Brasileiro (PSB), Carlos Siqueira, elogiou o governador Ricardo Coutinho e falou sobre as atribui\u00e7\u00f5es dele na presid\u00eancia da Funda\u00e7\u00e3o Jo\u00e3o Mangabeira, institui\u00e7\u00e3o do partido que o atual governador da Para\u00edba comandar\u00e1 a partir de janeiro, quando deixa de gerir o Estado, sendo substitu\u00eddo por Jo\u00e3o Azev\u00eado (PSB). Ricardo toma posse nesta segunda-feira (17), \u00e0s 14h, no cargo.<\/p>\n<p>&#8220;A Funda\u00e7\u00e3o Jo\u00e3o Mangabeira \u00e9 uma institui\u00e7\u00e3o important\u00edssima para o partido, na medida em que ela tem a fun\u00e7\u00e3o de elabora\u00e7\u00e3o\u00a0de\u00a0pol\u00edticas p\u00fablicas e tamb\u00e9m de forma\u00e7\u00e3o pol\u00edtica da milit\u00e2ncia partid\u00e1ria no pa\u00eds inteiro&#8221;, explicou Carlos Siqueira.<\/p>\n<p>Ele falou que houve consenso em torno do nome de Ricardo Coutinho para presidir a funda\u00e7\u00e3o. &#8220;N\u00f3s t\u00ednhamos v\u00e1rios interessados em participar e ser presidente da funda\u00e7\u00e3o. Mas n\u00f3s chegamos a um consenso em torno do nome do governador Ricardo Coutinho porque todos consideramos ele um dos melhores quadros do partido com administra\u00e7\u00e3o muito bem sucedida na Para\u00edba.&#8221;<\/p>\n<p>Carlos Siqueira citou que Ricardo \u00e9 bem avaliado e que isso resultou na elei\u00e7\u00e3o de Jo\u00e3o Azev\u00eado e de Veneziano Vital do R\u00eago. &#8220;N\u00e3o \u00e9 uma avalia\u00e7\u00e3o apenas do PSB.\u00a0\u00c9 uma avalia\u00e7\u00e3o da popula\u00e7\u00e3o paraibana que consagrou o sucessor do governador Ricardo Coutinho, o governador eleito Jo\u00e3o Azev\u00eado, e o senador Veneziano Vital do R\u00eago.&#8221;<\/p>\n<p>&#8220;Portanto, \u00e9 uma grande satisfa\u00e7\u00e3o para o PSB contar com a lideran\u00e7a do governador Ricardo Coutinho \u00e0\u00a0frente da institui\u00e7\u00e3o mais importante do partido que a Funda\u00e7\u00e3o Jo\u00e3o Mangabeira.\u00a0Somos muito felizes e todos que postulavam abriram m\u00e3o para que ele pudesse assumir a funda\u00e7\u00e3o e n\u00f3s estamos alegres em podermos contar com ele a partir de janeiro na presid\u00eancia dessa institui\u00e7\u00e3o t\u00e3o importante para o nosso partido e que tem fun\u00e7\u00e3o e jurisdi\u00e7\u00e3o em todo o territ\u00f3rio nacional&#8221;, completou Carlos Siqueira.<\/p>\n<p><strong>A Funda\u00e7\u00e3o Jo\u00e3o Mangabeira<\/strong><\/p>\n<p>Carlos Siqueira disse que o momento \u00e9 &#8220;muito desafiador do ponto de vista pol\u00edtico para o nosso pa\u00eds&#8221;. &#8220;N\u00f3s estamos na imin\u00eancia da posse do novo governo com um programa e posi\u00e7\u00f5es opostas ao nosso partido mas que foi eleito e respeitamos. Mas n\u00f3s podemos fazer o nosso contraponto, n\u00e3o torcendo contra, n\u00e3o torcendo para que as coisas deem errado. Numa democracia como \u00e9 natural, as posi\u00e7\u00f5es antag\u00f4nicas devem estar presentes para garantir que o processo democr\u00e1tico e a democracia continuem se consolidando em nosso pa\u00eds.\u00a0Da\u00ed porque eu acredito que a funda\u00e7\u00e3o cumprir\u00e1, sem d\u00favida nenhuma, o seu papel.&#8221;<\/p>\n<figure><img decoding=\"async\" data-src=\"https:\/\/www.clickpb.com.br\/media\/filer_public\/87\/68\/8768a6bc-b8ea-47e6-b3fa-361abd65ad2d\/carlos_siqueira_psb_divugalcao_partido.jpg\" data-image=\"108889\" src=\"data:image\/svg+xml;base64,PHN2ZyB3aWR0aD0iMSIgaGVpZ2h0PSIxIiB4bWxucz0iaHR0cDovL3d3dy53My5vcmcvMjAwMC9zdmciPjwvc3ZnPg==\" class=\"lazyload\" \/><\/figure>\n<p><strong>Carlos Siqueira<\/strong><\/p>\n<p>Preside o Partido Socialista Brasileiro (PSB) e o Conselho Curador da Funda\u00e7\u00e3o Jo\u00e3o Mangabeira (FJM). Entre 2007 e 2014, foi presidente da FJM. Advogado, militou na defesa dos direitos humanos por interm\u00e9dio do GAJOP (Gabinete de Assessoria Jur\u00eddica \u00e0s Organiza\u00e7\u00f5es Populares) e da Ordem dos Advogados do Brasil em Pernambuco.<\/p>\n","protected":false},"excerpt":{"rendered":"<p>O presidente do Partido Socialista Brasileiro (PSB), Carlos Siqueira, elogiou o governador Ricardo Coutinho e falou sobre as atribui\u00e7\u00f5es dele na presid\u00eancia da Funda\u00e7\u00e3o Jo\u00e3o&hellip; <\/p>\n","protected":false},"author":1,"featured_media":71370,"comment_status":"closed","ping_status":"closed","sticky":false,"template":"","format":"standard","meta":{"sfsi_plus_gutenberg_text_before_share":"","sfsi_plus_gutenberg_show_text_before_share":"","sfsi_plus_gutenberg_icon_type":"","sfsi_plus_gutenberg_icon_alignemt":"","sfsi_plus_gutenburg_max_per_row":"","footnotes":""},"categories":[11],"tags":[],"class_list":["post-77141","post","type-post","status-publish","format-standard","has-post-thumbnail","hentry","category-politica"],"_links":{"self":[{"href":"https:\/\/www.caririemacao.com\/1\/wp-json\/wp\/v2\/posts\/77141","targetHints":{"allow":["GET"]}}],"collection":[{"href":"https:\/\/www.caririemacao.com\/1\/wp-json\/wp\/v2\/posts"}],"about":[{"href":"https:\/\/www.caririemacao.com\/1\/wp-json\/wp\/v2\/types\/post"}],"author":[{"embeddable":true,"href":"https:\/\/www.caririemacao.com\/1\/wp-json\/wp\/v2\/users\/1"}],"replies":[{"embeddable":true,"href":"https:\/\/www.caririemacao.com\/1\/wp-json\/wp\/v2\/comments?post=77141"}],"version-history":[{"count":1,"href":"https:\/\/www.caririemacao.com\/1\/wp-json\/wp\/v2\/posts\/77141\/revisions"}],"predecessor-version":[{"id":77145,"href":"https:\/\/www.caririemacao.com\/1\/wp-json\/wp\/v2\/posts\/77141\/revisions\/77145"}],"wp:featuredmedia":[{"embeddable":true,"href":"https:\/\/www.caririemacao.com\/1\/wp-json\/wp\/v2\/media\/71370"}],"wp:attachment":[{"href":"https:\/\/www.caririemacao.com\/1\/wp-json\/wp\/v2\/media?parent=77141"}],"wp:term":[{"taxonomy":"category","embeddable":true,"href":"https:\/\/www.caririemacao.com\/1\/wp-json\/wp\/v2\/categories?post=77141"},{"taxonomy":"post_tag","embeddable":true,"href":"https:\/\/www.caririemacao.com\/1\/wp-json\/wp\/v2\/tags?post=77141"}],"curies":[{"name":"wp","href":"https:\/\/api.w.org\/{rel}","templated":true}]}}