{"id":77154,"date":"2018-12-17T21:41:05","date_gmt":"2018-12-18T00:41:05","guid":{"rendered":"http:\/\/www.caririemacao.com\/1\/?p=77154"},"modified":"2018-12-17T21:41:05","modified_gmt":"2018-12-18T00:41:05","slug":"municipio-de-sao-joao-do-cariri-sobe-no-ranking-de-transparencia-e-fica-na-22a-posicao-na-pb","status":"publish","type":"post","link":"https:\/\/www.caririemacao.com\/1\/2018\/12\/17\/municipio-de-sao-joao-do-cariri-sobe-no-ranking-de-transparencia-e-fica-na-22a-posicao-na-pb\/","title":{"rendered":"Munic\u00edpio de S\u00e3o Jo\u00e3o do Cariri sobe no ranking de transpar\u00eancia e fica na 22\u00aa posi\u00e7\u00e3o na PB"},"content":{"rendered":"<p>A Prefeitura de S\u00e3o Jo\u00e3o do Cariri alcan\u00e7ou uma importante coloca\u00e7\u00e3o no ranking da Escala Brasil Transparente entre os munic\u00edpios da Para\u00edba. Com a nota 9,30, S\u00e3o Jo\u00e3o do Cariri desbancou munic\u00edpios grandes. Com a nota registrada, a \u201cCidade M\u00e3e do Cariri Paraibano\u201d tamb\u00e9m conquista outro importante feito, ter superado a m\u00e9dia nacional, que \u00e9 de 6,50.<\/p>\n<p>Entre os estados brasileiros, o Governo da Para\u00edba obteve a nota 7,42 no ranking, ocupando assim a 19\u00aa posi\u00e7\u00e3o. A Escala Brasil Transparente (EBT) \u00e9 uma ferramenta de monitoramento da transpar\u00eancia p\u00fablica em estados e munic\u00edpios brasileiros.<\/p>\n<p>A EBT \u2013 Avalia\u00e7\u00e3o 360\u00b0 incorporou aspectos da transpar\u00eancia ativa como a verifica\u00e7\u00e3o da publica\u00e7\u00e3o de informa\u00e7\u00f5es sobre receitas e despesa, licita\u00e7\u00f5es e contratos, estrutura administrativa, servidores p\u00fablicos, acompanhamento de obras p\u00fablicas e outras. Com a aplica\u00e7\u00e3o dessa m\u00e9trica, a CGU pretende aprofundar o monitoramento da transpar\u00eancia p\u00fablica e possibilitar o acompanhamento das a\u00e7\u00f5es implementadas por estados e munic\u00edpios na promo\u00e7\u00e3o do acesso \u00e0 informa\u00e7\u00e3o.<\/p>\n<p>Para conferir o ranking dos munic\u00edpios, acesse: <a href=\"https:\/\/relatorios.cgu.gov.br\/Visualizador.aspx?id_relatorio=23\">https:\/\/relatorios.cgu.gov.br\/Visualizador.aspx?id_relatorio=23<\/a><\/p>\n","protected":false},"excerpt":{"rendered":"<p>A Prefeitura de S\u00e3o Jo\u00e3o do Cariri alcan\u00e7ou uma importante coloca\u00e7\u00e3o no ranking da Escala Brasil Transparente entre os munic\u00edpios da Para\u00edba. Com a nota&hellip; <\/p>\n","protected":false},"author":1,"featured_media":77155,"comment_status":"closed","ping_status":"closed","sticky":false,"template":"","format":"standard","meta":{"sfsi_plus_gutenberg_text_before_share":"","sfsi_plus_gutenberg_show_text_before_share":"","sfsi_plus_gutenberg_icon_type":"","sfsi_plus_gutenberg_icon_alignemt":"","sfsi_plus_gutenburg_max_per_row":"","footnotes":""},"categories":[6],"tags":[],"class_list":["post-77154","post","type-post","status-publish","format-standard","has-post-thumbnail","hentry","category-cidades"],"_links":{"self":[{"href":"https:\/\/www.caririemacao.com\/1\/wp-json\/wp\/v2\/posts\/77154","targetHints":{"allow":["GET"]}}],"collection":[{"href":"https:\/\/www.caririemacao.com\/1\/wp-json\/wp\/v2\/posts"}],"about":[{"href":"https:\/\/www.caririemacao.com\/1\/wp-json\/wp\/v2\/types\/post"}],"author":[{"embeddable":true,"href":"https:\/\/www.caririemacao.com\/1\/wp-json\/wp\/v2\/users\/1"}],"replies":[{"embeddable":true,"href":"https:\/\/www.caririemacao.com\/1\/wp-json\/wp\/v2\/comments?post=77154"}],"version-history":[{"count":1,"href":"https:\/\/www.caririemacao.com\/1\/wp-json\/wp\/v2\/posts\/77154\/revisions"}],"predecessor-version":[{"id":77156,"href":"https:\/\/www.caririemacao.com\/1\/wp-json\/wp\/v2\/posts\/77154\/revisions\/77156"}],"wp:featuredmedia":[{"embeddable":true,"href":"https:\/\/www.caririemacao.com\/1\/wp-json\/wp\/v2\/media\/77155"}],"wp:attachment":[{"href":"https:\/\/www.caririemacao.com\/1\/wp-json\/wp\/v2\/media?parent=77154"}],"wp:term":[{"taxonomy":"category","embeddable":true,"href":"https:\/\/www.caririemacao.com\/1\/wp-json\/wp\/v2\/categories?post=77154"},{"taxonomy":"post_tag","embeddable":true,"href":"https:\/\/www.caririemacao.com\/1\/wp-json\/wp\/v2\/tags?post=77154"}],"curies":[{"name":"wp","href":"https:\/\/api.w.org\/{rel}","templated":true}]}}