{"id":77157,"date":"2018-12-17T21:57:23","date_gmt":"2018-12-18T00:57:23","guid":{"rendered":"http:\/\/www.caririemacao.com\/1\/?p=77157"},"modified":"2018-12-17T21:57:23","modified_gmt":"2018-12-18T00:57:23","slug":"mulher-e-esfaqueada-em-bar-na-cidade-de-serra-branca","status":"publish","type":"post","link":"https:\/\/www.caririemacao.com\/1\/2018\/12\/17\/mulher-e-esfaqueada-em-bar-na-cidade-de-serra-branca\/","title":{"rendered":"Mulher \u00e9 esfaqueada em bar na cidade de Serra Branca"},"content":{"rendered":"<p>Nas primeiras horas da noite deste domingo(16) na cidade de Serra Branca, uma mulher identificada por Ana Paula foi esfaqueada no antigo bar do Alex no bairro do Pil\u00e3o.<\/p>\n<p>Segundo informa\u00e7\u00f5es apuradas, a v\u00edtima estava dan\u00e7ando com um homem quando foi surpreendida por uma mulher identificada por Gabriela. A v\u00edtima mesmo ferida ainda saiu correndo para alcan\u00e7ar a agressora que se evadiu do local.<\/p>\n<p>Ela foi socorrida para o Hospital Geral de Serra Branca onde passa por avalia\u00e7\u00e3o m\u00e9dica. A pol\u00edcia foi acionada e j\u00e1 investiga o caso.<\/p>\n<p>Com\u00a0Emanuel Alysson<\/p>\n","protected":false},"excerpt":{"rendered":"<p>Nas primeiras horas da noite deste domingo(16) na cidade de Serra Branca, uma mulher identificada por Ana Paula foi esfaqueada no antigo bar do Alex&hellip; <\/p>\n","protected":false},"author":1,"featured_media":15697,"comment_status":"closed","ping_status":"closed","sticky":false,"template":"","format":"standard","meta":{"sfsi_plus_gutenberg_text_before_share":"","sfsi_plus_gutenberg_show_text_before_share":"","sfsi_plus_gutenberg_icon_type":"","sfsi_plus_gutenberg_icon_alignemt":"","sfsi_plus_gutenburg_max_per_row":"","footnotes":""},"categories":[12],"tags":[],"class_list":["post-77157","post","type-post","status-publish","format-standard","has-post-thumbnail","hentry","category-policia"],"_links":{"self":[{"href":"https:\/\/www.caririemacao.com\/1\/wp-json\/wp\/v2\/posts\/77157","targetHints":{"allow":["GET"]}}],"collection":[{"href":"https:\/\/www.caririemacao.com\/1\/wp-json\/wp\/v2\/posts"}],"about":[{"href":"https:\/\/www.caririemacao.com\/1\/wp-json\/wp\/v2\/types\/post"}],"author":[{"embeddable":true,"href":"https:\/\/www.caririemacao.com\/1\/wp-json\/wp\/v2\/users\/1"}],"replies":[{"embeddable":true,"href":"https:\/\/www.caririemacao.com\/1\/wp-json\/wp\/v2\/comments?post=77157"}],"version-history":[{"count":1,"href":"https:\/\/www.caririemacao.com\/1\/wp-json\/wp\/v2\/posts\/77157\/revisions"}],"predecessor-version":[{"id":77158,"href":"https:\/\/www.caririemacao.com\/1\/wp-json\/wp\/v2\/posts\/77157\/revisions\/77158"}],"wp:featuredmedia":[{"embeddable":true,"href":"https:\/\/www.caririemacao.com\/1\/wp-json\/wp\/v2\/media\/15697"}],"wp:attachment":[{"href":"https:\/\/www.caririemacao.com\/1\/wp-json\/wp\/v2\/media?parent=77157"}],"wp:term":[{"taxonomy":"category","embeddable":true,"href":"https:\/\/www.caririemacao.com\/1\/wp-json\/wp\/v2\/categories?post=77157"},{"taxonomy":"post_tag","embeddable":true,"href":"https:\/\/www.caririemacao.com\/1\/wp-json\/wp\/v2\/tags?post=77157"}],"curies":[{"name":"wp","href":"https:\/\/api.w.org\/{rel}","templated":true}]}}