{"id":77163,"date":"2018-12-18T07:41:46","date_gmt":"2018-12-18T10:41:46","guid":{"rendered":"http:\/\/www.caririemacao.com\/1\/?p=77163"},"modified":"2018-12-18T07:41:46","modified_gmt":"2018-12-18T10:41:46","slug":"secretaria-de-desenvolvimento-social-de-monteiro-finaliza-cursos-tecnicos-de-2018","status":"publish","type":"post","link":"https:\/\/www.caririemacao.com\/1\/2018\/12\/18\/secretaria-de-desenvolvimento-social-de-monteiro-finaliza-cursos-tecnicos-de-2018\/","title":{"rendered":"Secretaria de Desenvolvimento Social de Monteiro finaliza cursos t\u00e9cnicos de 2018"},"content":{"rendered":"<p>Na \u00faltima quinta-feira,13, as secret\u00e1rias da pasta de Desenvolvimento Social de Monteiro, Rosa Aleixo e Silvania Mayer realizaram a entrega de certificados aos alunos dos cursos t\u00e9cnicos profissionalizantes finalizados no decorrer da semana na cidade.<\/p>\n<p>Os cursos de Confec\u00e7\u00e3o de Bolsas e Cuidador de Idosos foram realizados atrav\u00e9s da Prefeitura Municipal de Monteiro e em parceria com o SENAI, o curso de Confec\u00e7\u00e3o de Cal\u00e7ados. Ao todo, foram ofertadas 80 vagas para todos os cursos.<\/p>\n<p><strong><img fetchpriority=\"high\" decoding=\"async\" class=\"wp-image-29962 size-medium alignleft\" src=\"http:\/\/www.vitrinedocariri.com.br\/wp-content\/uploads\/2018\/12\/Final-dos-Cursos-SDS02-300x200.jpg\" alt=\"\" width=\"300\" height=\"200\" \/><\/strong>\u201cA Prefeitura de Monteiro e a Secretaria de Desenvolvimento Social est\u00e3o tendo um papel especial de mobiliza\u00e7\u00e3o em prol da gera\u00e7\u00e3o de emprego e renda na cidade e esta valiosa parceria com o SENAI nos apresentou uma nova vertente. Pudemos oferecer todos estes cursos oportunizando que todas estas pessoas aqui conseguissem certificado de cursos profissionalizantes, sendo assim, proporcionando maior preparo e facilidade para que eles pudessem ingressar no mercado de trabalho ou at\u00e9 mesmo tornando-se empreendedores individuais\u201d, ressaltou Rosa Aleixo logo ap\u00f3s a festividade.<\/p>\n<p><img decoding=\"async\" class=\"wp-image-29964 size-medium alignleft lazyload\" data-src=\"http:\/\/www.vitrinedocariri.com.br\/wp-content\/uploads\/2018\/12\/Final-dos-Cursos-SDS14-300x200.jpg\" alt=\"\" width=\"300\" height=\"200\" src=\"data:image\/svg+xml;base64,PHN2ZyB3aWR0aD0iMSIgaGVpZ2h0PSIxIiB4bWxucz0iaHR0cDovL3d3dy53My5vcmcvMjAwMC9zdmciPjwvc3ZnPg==\" style=\"--smush-placeholder-width: 300px; --smush-placeholder-aspect-ratio: 300\/200;\" \/>O programa de incentivo a qualifica\u00e7\u00e3o realizado na cidade desde o ano de 2017 tem como objetivo oferecer cursos de profissionaliza\u00e7\u00e3o \u00e0 popula\u00e7\u00e3o menos favorecida. A forma\u00e7\u00e3o oferece uma facilidade para que mesmo durante a fase inicial os alunos j\u00e1 podem atuar facilitando assim a gera\u00e7\u00e3o de renda para as fam\u00edlias.<\/p>\n<p>\u201cO p\u00fablico das forma\u00e7\u00f5es oferecidas t\u00eam benef\u00edcios al\u00e9m da pr\u00f3pria \u00e1rea, como j\u00e1 vimos hist\u00f3rias de eleva\u00e7\u00e3o da autoestima, inclus\u00e3o social, cooperativismo, promovendo ainda a inclus\u00e3o produtiva, a mobilidade no mercado de trabalho, e o pleno exerc\u00edcio da cidadania\u201d exprimiu Rosa.<\/p>\n","protected":false},"excerpt":{"rendered":"<p>Na \u00faltima quinta-feira,13, as secret\u00e1rias da pasta de Desenvolvimento Social de Monteiro, Rosa Aleixo e Silvania Mayer realizaram a entrega de certificados aos alunos dos&hellip; <\/p>\n","protected":false},"author":1,"featured_media":77164,"comment_status":"closed","ping_status":"closed","sticky":false,"template":"","format":"standard","meta":{"sfsi_plus_gutenberg_text_before_share":"","sfsi_plus_gutenberg_show_text_before_share":"","sfsi_plus_gutenberg_icon_type":"","sfsi_plus_gutenberg_icon_alignemt":"","sfsi_plus_gutenburg_max_per_row":"","footnotes":""},"categories":[6],"tags":[],"class_list":["post-77163","post","type-post","status-publish","format-standard","has-post-thumbnail","hentry","category-cidades"],"_links":{"self":[{"href":"https:\/\/www.caririemacao.com\/1\/wp-json\/wp\/v2\/posts\/77163","targetHints":{"allow":["GET"]}}],"collection":[{"href":"https:\/\/www.caririemacao.com\/1\/wp-json\/wp\/v2\/posts"}],"about":[{"href":"https:\/\/www.caririemacao.com\/1\/wp-json\/wp\/v2\/types\/post"}],"author":[{"embeddable":true,"href":"https:\/\/www.caririemacao.com\/1\/wp-json\/wp\/v2\/users\/1"}],"replies":[{"embeddable":true,"href":"https:\/\/www.caririemacao.com\/1\/wp-json\/wp\/v2\/comments?post=77163"}],"version-history":[{"count":1,"href":"https:\/\/www.caririemacao.com\/1\/wp-json\/wp\/v2\/posts\/77163\/revisions"}],"predecessor-version":[{"id":77165,"href":"https:\/\/www.caririemacao.com\/1\/wp-json\/wp\/v2\/posts\/77163\/revisions\/77165"}],"wp:featuredmedia":[{"embeddable":true,"href":"https:\/\/www.caririemacao.com\/1\/wp-json\/wp\/v2\/media\/77164"}],"wp:attachment":[{"href":"https:\/\/www.caririemacao.com\/1\/wp-json\/wp\/v2\/media?parent=77163"}],"wp:term":[{"taxonomy":"category","embeddable":true,"href":"https:\/\/www.caririemacao.com\/1\/wp-json\/wp\/v2\/categories?post=77163"},{"taxonomy":"post_tag","embeddable":true,"href":"https:\/\/www.caririemacao.com\/1\/wp-json\/wp\/v2\/tags?post=77163"}],"curies":[{"name":"wp","href":"https:\/\/api.w.org\/{rel}","templated":true}]}}