{"id":77167,"date":"2018-12-18T07:43:27","date_gmt":"2018-12-18T10:43:27","guid":{"rendered":"http:\/\/www.caririemacao.com\/1\/?p=77167"},"modified":"2018-12-18T07:43:27","modified_gmt":"2018-12-18T10:43:27","slug":"sao-sebastiao-do-umbuzeiro-tem-final-do-campeonato-umbuzeirense-de-futsal-2018","status":"publish","type":"post","link":"https:\/\/www.caririemacao.com\/1\/2018\/12\/18\/sao-sebastiao-do-umbuzeiro-tem-final-do-campeonato-umbuzeirense-de-futsal-2018\/","title":{"rendered":"S\u00e3o Sebasti\u00e3o do Umbuzeiro tem final do Campeonato Umbuzeirense de Futsal 2018"},"content":{"rendered":"<p>A Prefeitura Municipal de S\u00e3o Sebasti\u00e3o do Umbuzeiro, atrav\u00e9s da Diretoria de Esportes, realizou na tarde deste domingo (16), no Gin\u00e1sio Poliesportivo Professor Luciano Neves, a final do Campeonato Umbuzeirense de Futsal 2018, modalidades veteranos e Aberto.<\/p>\n<p>Antes de iniciar a grande final do Campeonato as equipes do Riba\u00e7\u00e3 e dos Irm\u00e3os, entraram com uma faixa homenageando os jovens Geiz, Tarc\u00edsio e Ianna, que morreram vitimas de acidentes nesse ano.<\/p>\n<p>O Time do Riba\u00e7\u00e3 embalado pela sua torcida\u00a0\u00a0se consagrou campe\u00e3o vencendo a equipe dos Irm\u00e3os\u00a0\u00a0por 2 a 0,\u00a0\u00a0em um jogo bastante disputado e cheio de emo\u00e7\u00e3o.\u00a0\u00a0Em terceiro lugar ficou a equipe do Juventus que venceu o Magnus, de virada por 3\u00d72, na modalidade aberto.<\/p>\n<p><strong>Categoria Veteranos<\/strong><\/p>\n<p>J\u00e1 na modalidade Veteranos, quem levantou a ta\u00e7a foi a equipe do Tiradentes, que empatou em 1 a 1 com a equipe da Chapecoense no tempo normal e venceu\u00a0\u00a0por\u00a0\u00a03 a 2 nos p\u00eanaltis. O Fortaleza ficou com o terceiro lugar ao vencer o Palmeiras por 4\u00d72.<\/p>\n<p>Presente no evento, o prefeito Adriano Wolff, parabenizou todos os participantes do Campeonato e falou sobre a import\u00e2ncia do esporte como uma op\u00e7\u00e3o de sa\u00fade e lazer\u00a0\u00a0para aqueles que querem uma qualidade de vida melhor.<\/p>\n<p>Foi realizada uma premia\u00e7\u00e3o com trof\u00e9us, medalhas e uma quantia em dinheiro para \u00e0s equipes campe\u00e3 , vice, 3\u00aa e 4\u00aa Colocada e todos os jogadores\u00a0\u00a0que participaram do Campeonato tamb\u00e9m receberam uma medalha.<\/p>\n","protected":false},"excerpt":{"rendered":"<p>A Prefeitura Municipal de S\u00e3o Sebasti\u00e3o do Umbuzeiro, atrav\u00e9s da Diretoria de Esportes, realizou na tarde deste domingo (16), no Gin\u00e1sio Poliesportivo Professor Luciano Neves,&hellip; <\/p>\n","protected":false},"author":1,"featured_media":77168,"comment_status":"closed","ping_status":"closed","sticky":false,"template":"","format":"standard","meta":{"sfsi_plus_gutenberg_text_before_share":"","sfsi_plus_gutenberg_show_text_before_share":"","sfsi_plus_gutenberg_icon_type":"","sfsi_plus_gutenberg_icon_alignemt":"","sfsi_plus_gutenburg_max_per_row":"","footnotes":""},"categories":[13],"tags":[],"class_list":["post-77167","post","type-post","status-publish","format-standard","has-post-thumbnail","hentry","category-esportes"],"_links":{"self":[{"href":"https:\/\/www.caririemacao.com\/1\/wp-json\/wp\/v2\/posts\/77167","targetHints":{"allow":["GET"]}}],"collection":[{"href":"https:\/\/www.caririemacao.com\/1\/wp-json\/wp\/v2\/posts"}],"about":[{"href":"https:\/\/www.caririemacao.com\/1\/wp-json\/wp\/v2\/types\/post"}],"author":[{"embeddable":true,"href":"https:\/\/www.caririemacao.com\/1\/wp-json\/wp\/v2\/users\/1"}],"replies":[{"embeddable":true,"href":"https:\/\/www.caririemacao.com\/1\/wp-json\/wp\/v2\/comments?post=77167"}],"version-history":[{"count":1,"href":"https:\/\/www.caririemacao.com\/1\/wp-json\/wp\/v2\/posts\/77167\/revisions"}],"predecessor-version":[{"id":77169,"href":"https:\/\/www.caririemacao.com\/1\/wp-json\/wp\/v2\/posts\/77167\/revisions\/77169"}],"wp:featuredmedia":[{"embeddable":true,"href":"https:\/\/www.caririemacao.com\/1\/wp-json\/wp\/v2\/media\/77168"}],"wp:attachment":[{"href":"https:\/\/www.caririemacao.com\/1\/wp-json\/wp\/v2\/media?parent=77167"}],"wp:term":[{"taxonomy":"category","embeddable":true,"href":"https:\/\/www.caririemacao.com\/1\/wp-json\/wp\/v2\/categories?post=77167"},{"taxonomy":"post_tag","embeddable":true,"href":"https:\/\/www.caririemacao.com\/1\/wp-json\/wp\/v2\/tags?post=77167"}],"curies":[{"name":"wp","href":"https:\/\/api.w.org\/{rel}","templated":true}]}}