{"id":77172,"date":"2018-12-18T07:48:13","date_gmt":"2018-12-18T10:48:13","guid":{"rendered":"http:\/\/www.caririemacao.com\/1\/?p=77172"},"modified":"2018-12-18T07:48:13","modified_gmt":"2018-12-18T10:48:13","slug":"diplomacao-dos-eleitos-nas-eleicoes-2018-acontece-nesta-terca","status":"publish","type":"post","link":"https:\/\/www.caririemacao.com\/1\/2018\/12\/18\/diplomacao-dos-eleitos-nas-eleicoes-2018-acontece-nesta-terca\/","title":{"rendered":"Diploma\u00e7\u00e3o dos eleitos nas Elei\u00e7\u00f5es 2018 acontece nesta ter\u00e7a"},"content":{"rendered":"<p>A diploma\u00e7\u00e3o dos eleitos e reeleitos nas Elei\u00e7\u00f5es 2018 acontece nesta ter\u00e7a-feira (18). Jo\u00e3o Azev\u00eado (PSB), L\u00edgia Feliciano (PDT), os senadores Daniella Ribeiro (PP) e Veneziano Vital do R\u00eago (PSB) ser\u00e3o diplomados \u00e0s 16h, no Teatro Pedra do Reino, no Centro de Conven\u00e7\u00f5es, em Jo\u00e3o Pessoa. Quem tamb\u00e9m passar\u00e1 pelo rito eleitoral s\u00e3o os 12 deputados federais e 36 deputados estaduais da Para\u00edba eleitos e reeleitos e seus suplentes. Ao todo, 80 pessoas ser\u00e3o diplomadas pelo Tribunal Regional Eleitoral da Para\u00edba (TRE-PB).<\/p>\n<p>A Justi\u00e7a Eleitoral pode diplomar at\u00e9 tr\u00eas suplentes por coliga\u00e7\u00e3o ou por partido. No entanto, segundo informa\u00e7\u00f5es confirmadas ao ClickPB, a presid\u00eancia do TRE-PB decidiu conceder os diplomas a somente dois suplentes de cada coliga\u00e7\u00e3o e partido isolado.<\/p>\n<p>Com a redu\u00e7\u00e3o no n\u00famero de suplentes diplomados, alguns nomes tradicionais ficar\u00e3o de fora. Na Assembleia Legislativa da Para\u00edba n\u00e3o ser\u00e3o diplomados Trocolli Junior, Gustavo Wanderley, Z\u00e9 Paulo, Sargento Neto, Doutor Z\u00e9 C\u00e9lio, Cabo S\u00e9rgio Rafael e F\u00e1bio Fernandes. J\u00e1 dentre os terceiros suplentes da C\u00e2mara Federal que n\u00e3o ser\u00e3o diplomados est\u00e3o Sandra Marrocos, Manoel J\u00fanior, Genilson Lucena, Helena Holanda e Walter Junior.<\/p>\n<p>Os suplentes que ficam para o cargo de deputado federal s\u00e3o Ana Cl\u00e1udia Vital, Bispo Jos\u00e9 Luiz, Leonardo Gadelha, Bruno Cunha Lima, Capit\u00e3o Ant\u00f4nio, P\u00e2mela B\u00f3rio, Eliza, Hilton Souto Maior, Benjamin Maranh\u00e3o e Tatiana Medeiros.<\/p>\n<p>J\u00e1 os suplentes a serem diplomados para o cargo de deputado estadual s\u00e3o Jutay Meneses, Lindolfo Pires, Dr\u00aa Jane, Cl\u00e1udio R\u00e9gis, An\u00edsio Maia, Jac\u00f3 Maciel, Jo\u00e3o Almeida, Irm\u00e3o C\u00e9zar, Rafaela Camaraense, Raoni Mendes, Janduhy Carneiro, Euda Fabiana, Jullys Roberto e Dr. Ol\u00edmpio.<\/p>\n<p>Veja quem s\u00e3o os suplentes em cada uma das coliga\u00e7\u00f5es. Apesar da lista, somente os dois primeiros suplentes de cada bloco ser\u00e3o diplomados.<\/p>\n<p>Suplentes de deputados federais<\/p>\n<figure><img decoding=\"async\" data-src=\"https:\/\/www.clickpb.com.br\/media\/filer_public\/8e\/c9\/8ec97b43-b49b-4c34-afb4-ff69f6e05a1e\/suplentes_deputados_federais.jpg\" data-image=\"108910\" src=\"data:image\/svg+xml;base64,PHN2ZyB3aWR0aD0iMSIgaGVpZ2h0PSIxIiB4bWxucz0iaHR0cDovL3d3dy53My5vcmcvMjAwMC9zdmciPjwvc3ZnPg==\" class=\"lazyload\" \/><\/figure>\n<figure>Suplentes de Deputados Estaduais<\/figure>\n<figure><img decoding=\"async\" data-src=\"https:\/\/www.clickpb.com.br\/media\/filer_public\/f0\/e3\/f0e398e8-dfbf-47cc-885f-76993fa71ab2\/suplentes_deputados_estaduais_1.jpg\" data-image=\"108911\" src=\"data:image\/svg+xml;base64,PHN2ZyB3aWR0aD0iMSIgaGVpZ2h0PSIxIiB4bWxucz0iaHR0cDovL3d3dy53My5vcmcvMjAwMC9zdmciPjwvc3ZnPg==\" class=\"lazyload\" \/><\/figure>\n<figure><img decoding=\"async\" data-src=\"https:\/\/www.clickpb.com.br\/media\/filer_public\/13\/9a\/139ac3ff-5d8e-43cb-b9dd-a44950b0d5de\/suplentes_deputados_estaduais_2.jpg\" data-image=\"108912\" src=\"data:image\/svg+xml;base64,PHN2ZyB3aWR0aD0iMSIgaGVpZ2h0PSIxIiB4bWxucz0iaHR0cDovL3d3dy53My5vcmcvMjAwMC9zdmciPjwvc3ZnPg==\" class=\"lazyload\" \/><\/figure>\n<figure><img decoding=\"async\" data-src=\"https:\/\/www.clickpb.com.br\/media\/filer_public\/c2\/0d\/c20d9840-cc87-427e-9d73-3caf341713f0\/suplentes_deputados_estaduais_3.jpg\" data-image=\"108913\" src=\"data:image\/svg+xml;base64,PHN2ZyB3aWR0aD0iMSIgaGVpZ2h0PSIxIiB4bWxucz0iaHR0cDovL3d3dy53My5vcmcvMjAwMC9zdmciPjwvc3ZnPg==\" class=\"lazyload\" \/><\/figure>\n<p>&nbsp;<\/p>\n<p>ClickPB<\/p>\n","protected":false},"excerpt":{"rendered":"<p>A diploma\u00e7\u00e3o dos eleitos e reeleitos nas Elei\u00e7\u00f5es 2018 acontece nesta ter\u00e7a-feira (18). Jo\u00e3o Azev\u00eado (PSB), L\u00edgia Feliciano (PDT), os senadores Daniella Ribeiro (PP) e&hellip; <\/p>\n","protected":false},"author":1,"featured_media":77173,"comment_status":"closed","ping_status":"closed","sticky":false,"template":"","format":"standard","meta":{"sfsi_plus_gutenberg_text_before_share":"","sfsi_plus_gutenberg_show_text_before_share":"","sfsi_plus_gutenberg_icon_type":"","sfsi_plus_gutenberg_icon_alignemt":"","sfsi_plus_gutenburg_max_per_row":"","footnotes":""},"categories":[11],"tags":[],"class_list":["post-77172","post","type-post","status-publish","format-standard","has-post-thumbnail","hentry","category-politica"],"_links":{"self":[{"href":"https:\/\/www.caririemacao.com\/1\/wp-json\/wp\/v2\/posts\/77172","targetHints":{"allow":["GET"]}}],"collection":[{"href":"https:\/\/www.caririemacao.com\/1\/wp-json\/wp\/v2\/posts"}],"about":[{"href":"https:\/\/www.caririemacao.com\/1\/wp-json\/wp\/v2\/types\/post"}],"author":[{"embeddable":true,"href":"https:\/\/www.caririemacao.com\/1\/wp-json\/wp\/v2\/users\/1"}],"replies":[{"embeddable":true,"href":"https:\/\/www.caririemacao.com\/1\/wp-json\/wp\/v2\/comments?post=77172"}],"version-history":[{"count":1,"href":"https:\/\/www.caririemacao.com\/1\/wp-json\/wp\/v2\/posts\/77172\/revisions"}],"predecessor-version":[{"id":77174,"href":"https:\/\/www.caririemacao.com\/1\/wp-json\/wp\/v2\/posts\/77172\/revisions\/77174"}],"wp:featuredmedia":[{"embeddable":true,"href":"https:\/\/www.caririemacao.com\/1\/wp-json\/wp\/v2\/media\/77173"}],"wp:attachment":[{"href":"https:\/\/www.caririemacao.com\/1\/wp-json\/wp\/v2\/media?parent=77172"}],"wp:term":[{"taxonomy":"category","embeddable":true,"href":"https:\/\/www.caririemacao.com\/1\/wp-json\/wp\/v2\/categories?post=77172"},{"taxonomy":"post_tag","embeddable":true,"href":"https:\/\/www.caririemacao.com\/1\/wp-json\/wp\/v2\/tags?post=77172"}],"curies":[{"name":"wp","href":"https:\/\/api.w.org\/{rel}","templated":true}]}}