{"id":77185,"date":"2018-12-18T09:03:52","date_gmt":"2018-12-18T12:03:52","guid":{"rendered":"http:\/\/www.caririemacao.com\/1\/?p=77185"},"modified":"2018-12-18T09:03:52","modified_gmt":"2018-12-18T12:03:52","slug":"conselho-curador-elege-ricardo-coutinho-para-presidencia-da-fundacao-joao-mangabeira","status":"publish","type":"post","link":"https:\/\/www.caririemacao.com\/1\/2018\/12\/18\/conselho-curador-elege-ricardo-coutinho-para-presidencia-da-fundacao-joao-mangabeira\/","title":{"rendered":"Conselho Curador elege Ricardo Coutinho para presid\u00eancia da Funda\u00e7\u00e3o Jo\u00e3o Mangabeira"},"content":{"rendered":"<p>O Conselho Curador da Funda\u00e7\u00e3o Jo\u00e3o Mangabeira (FJM) elegeu, por unanimidade, na tarde desta segunda-feira (17), o governador da Para\u00edba Ricardo Coutinho como novo presidente da institui\u00e7\u00e3o pelos pr\u00f3ximos quatro anos. Coutinho sucede o governador eleito do Esp\u00edrito Santo, Renato Casagrande.<\/p>\n<p>Na reuni\u00e3o, realizada na sede nacional do PSB, em Bras\u00edlia, tamb\u00e9m foi eleito o ex-prefeito de Palmas, Carlos Amastha (PSB), para a Diretoria de Estudos e Pesquisas, em substitui\u00e7\u00e3o ao atual diretor Milton Coelho. Durante o encontro, os conselheiros assistiram um v\u00eddeo sobre o XIV Congresso Nacional do PSB, ocorrido em mar\u00e7o deste ano.<\/p>\n<p>O presidente nacional do PSB e do Conselho Curador da FJM, Carlos Siqueira, apresentou os resultados eleitorais alcan\u00e7ados neste ano pelo partido e destacou que as mudan\u00e7as na conjuntura pol\u00edtica, partid\u00e1ria e eleitoral, a partir do pr\u00f3ximo ano, \u201cn\u00e3o permitem aos socialistas descansar, mas sim se preparar para enfrentar desafios ainda maiores\u201d.<\/p>\n<p>\u201cCreio que a Funda\u00e7\u00e3o, como um bra\u00e7o de forma\u00e7\u00e3o pol\u00edtica do PSB, vem desempenhando h\u00e1 algum tempo um papel muito significativo na vida do partido, na politiza\u00e7\u00e3o da unidade partid\u00e1ria. A nova diretoria ter\u00e1 um novo desafio que requer um esfor\u00e7o ainda maior do que aquele feito at\u00e9 agora, e tamb\u00e9m a unidade do partido, o entusiasmo para o enfrentamento das dificuldades naturais, sobretudo com a elei\u00e7\u00e3o para Presid\u00eancia da Rep\u00fablica, pelo futuro da nossa pr\u00f3pria democracia\u201d, afirmou Siqueira.<\/p>\n<p>Em sua despedida como presidente da FJM, Casagrande agradeceu aos membros do conselho curador e da diretoria pelo apoio \u00e0s atividades desenvolvidas durante os quatro anos \u00e0 frente da institui\u00e7\u00e3o. Ele ainda ressaltou a import\u00e2ncia da produ\u00e7\u00e3o de conte\u00fado da Funda\u00e7\u00e3o para a qualifica\u00e7\u00e3o de seus quadros e militantes.<\/p>\n<p>Casagrande parabenizou a elei\u00e7\u00e3o de Coutinho e afirmou que, neste momento de dificuldade no pa\u00eds, em que os partidos est\u00e3o perdendo prest\u00edgio e o conservadorismo ganha espa\u00e7o na sociedade, \u00e9 preciso que a Funda\u00e7\u00e3o e o PSB estejam alinhados.<\/p>\n<p>\u201c\u00c9 bom que a gente reconhe\u00e7a que a nossa tarefa \u00e1rdua ser\u00e1 fortalecer o partido e a Funda\u00e7\u00e3o. A FJM tem que contribuir com conte\u00fado para o partido ter posi\u00e7\u00f5es atualizadas, para que tenhamos for\u00e7a e import\u00e2ncia nesse momento do pa\u00eds. N\u00f3s temos que mostrar aquilo que n\u00f3s sabemos fazer, mostrar nossas experi\u00eancias de sucesso em mandatos e governos, e apontar caminhos de forma propositiva para a popula\u00e7\u00e3o brasileira\u201d, disse.<\/p>\n<p>O presidente eleito da FJM, Ricardo Coutinho, agradeceu a confian\u00e7a dos conselheiros. \u201cA experi\u00eancia que se inicia a partir de janeiro ter\u00e1 muito estudo, formula\u00e7\u00e3o, debates e execu\u00e7\u00e3o de projetos com o objetivo de ampliar e qualificar a forma\u00e7\u00e3o da nossa milit\u00e2ncia. Espero contar com o apoio e o incentivo deste conselho e da diretoria para poder avan\u00e7ar com essas a\u00e7\u00f5es\u201d, disse.<\/p>\n<p>\u201cA minha palavra para definir esse momento n\u00e3o \u00e9 mudan\u00e7a, mas a potencializa\u00e7\u00e3o dos avan\u00e7os que observamos como resultado do trabalho das gest\u00f5es anteriores\u201d, afirmou o socialista.<\/p>\n<div id=\"attachment_546276\" class=\"wp-caption aligncenter\"><img decoding=\"async\" class=\"wp-image-546276 size-medium lazyload\" data-src=\"https:\/\/paraibaonline.com.br\/wp-content\/uploads\/2018\/12\/conselho-ricardo-567x377.jpg\" data-srcset=\"https:\/\/paraibaonline.com.br\/wp-content\/uploads\/2018\/12\/conselho-ricardo-567x377.jpg 567w, https:\/\/paraibaonline.com.br\/wp-content\/uploads\/2018\/12\/conselho-ricardo.jpg 800w\" alt=\"\" src=\"data:image\/svg+xml;base64,PHN2ZyB3aWR0aD0iMSIgaGVpZ2h0PSIxIiB4bWxucz0iaHR0cDovL3d3dy53My5vcmcvMjAwMC9zdmciPjwvc3ZnPg==\" style=\"--smush-placeholder-width: 567px; --smush-placeholder-aspect-ratio: 567\/377;\" \/><\/p>\n<p class=\"wp-caption-text\">Foto: ascom<\/p>\n<\/div>\n<p><strong>V\u00eddeo<\/strong><\/p>\n<p>Com 11 minutos, o v\u00eddeo sobre o XIV Congresso Nacional do PSB registra o encerramento das comemora\u00e7\u00f5es pelos seus 70 anos de funda\u00e7\u00e3o do partido.<\/p>\n<p>O filme destaca as discuss\u00f5es e decis\u00f5es tomadas pelos delegados no Congresso, como a escolha dos novos integrantes do Diret\u00f3rio e da Executiva Nacional, a reelei\u00e7\u00e3o do presidente nacional Carlos Siqueira e a renova\u00e7\u00e3o das dire\u00e7\u00f5es dos seis segmentos sociais do PSB. O v\u00eddeo ser\u00e1 disponibilizado nas redes sociais, no portal e na plataforma do partido.<img decoding=\"async\" class=\"ajT lazyload\" data-src=\"https:\/\/ssl.gstatic.com\/ui\/v1\/icons\/mail\/images\/cleardot.gif\" src=\"data:image\/svg+xml;base64,PHN2ZyB3aWR0aD0iMSIgaGVpZ2h0PSIxIiB4bWxucz0iaHR0cDovL3d3dy53My5vcmcvMjAwMC9zdmciPjwvc3ZnPg==\" \/><\/p>\n<div class=\"adL\">\n<p>Na ocasi\u00e3o, tamb\u00e9m foram lan\u00e7adas tr\u00eas publica\u00e7\u00f5es produzidas pela FJM. A primeira edi\u00e7\u00e3o do Pr\u00e1xis da Secretaria Nacional de Mulheres traz um relat\u00f3rio de todas as a\u00e7\u00f5es realizadas ao longo dos 18 anos de cria\u00e7\u00e3o da SNM.<\/p>\n<p>O Curso de Forma\u00e7\u00e3o Pol\u00edtica da Negritude Socialista Brasileira \u00e9 uma colet\u00e2nea de tr\u00eas m\u00f3dulos com an\u00e1lises hist\u00f3rica, filos\u00f3fica, pol\u00edtica e econ\u00f4mica do povo negro, al\u00e9m de temas como a inser\u00e7\u00e3o nos espa\u00e7os de poder, na educa\u00e7\u00e3o e no mercado de trabalho e o enfrentamento ao racismo. A publica\u00e7\u00e3o Hist\u00f3ria do Partido Socialista Brasileiro \u2013 Amap\u00e1 tamb\u00e9m foi lan\u00e7ada na reuni\u00e3o.<\/p>\n<\/div>\n","protected":false},"excerpt":{"rendered":"<p>O Conselho Curador da Funda\u00e7\u00e3o Jo\u00e3o Mangabeira (FJM) elegeu, por unanimidade, na tarde desta segunda-feira (17), o governador da Para\u00edba Ricardo Coutinho como novo presidente&hellip; <\/p>\n","protected":false},"author":1,"featured_media":77186,"comment_status":"closed","ping_status":"closed","sticky":false,"template":"","format":"standard","meta":{"sfsi_plus_gutenberg_text_before_share":"","sfsi_plus_gutenberg_show_text_before_share":"","sfsi_plus_gutenberg_icon_type":"","sfsi_plus_gutenberg_icon_alignemt":"","sfsi_plus_gutenburg_max_per_row":"","footnotes":""},"categories":[11],"tags":[],"class_list":["post-77185","post","type-post","status-publish","format-standard","has-post-thumbnail","hentry","category-politica"],"_links":{"self":[{"href":"https:\/\/www.caririemacao.com\/1\/wp-json\/wp\/v2\/posts\/77185","targetHints":{"allow":["GET"]}}],"collection":[{"href":"https:\/\/www.caririemacao.com\/1\/wp-json\/wp\/v2\/posts"}],"about":[{"href":"https:\/\/www.caririemacao.com\/1\/wp-json\/wp\/v2\/types\/post"}],"author":[{"embeddable":true,"href":"https:\/\/www.caririemacao.com\/1\/wp-json\/wp\/v2\/users\/1"}],"replies":[{"embeddable":true,"href":"https:\/\/www.caririemacao.com\/1\/wp-json\/wp\/v2\/comments?post=77185"}],"version-history":[{"count":1,"href":"https:\/\/www.caririemacao.com\/1\/wp-json\/wp\/v2\/posts\/77185\/revisions"}],"predecessor-version":[{"id":77187,"href":"https:\/\/www.caririemacao.com\/1\/wp-json\/wp\/v2\/posts\/77185\/revisions\/77187"}],"wp:featuredmedia":[{"embeddable":true,"href":"https:\/\/www.caririemacao.com\/1\/wp-json\/wp\/v2\/media\/77186"}],"wp:attachment":[{"href":"https:\/\/www.caririemacao.com\/1\/wp-json\/wp\/v2\/media?parent=77185"}],"wp:term":[{"taxonomy":"category","embeddable":true,"href":"https:\/\/www.caririemacao.com\/1\/wp-json\/wp\/v2\/categories?post=77185"},{"taxonomy":"post_tag","embeddable":true,"href":"https:\/\/www.caririemacao.com\/1\/wp-json\/wp\/v2\/tags?post=77185"}],"curies":[{"name":"wp","href":"https:\/\/api.w.org\/{rel}","templated":true}]}}