{"id":77192,"date":"2018-12-18T10:42:30","date_gmt":"2018-12-18T13:42:30","guid":{"rendered":"http:\/\/www.caririemacao.com\/1\/?p=77192"},"modified":"2018-12-18T10:42:30","modified_gmt":"2018-12-18T13:42:30","slug":"gabriel-medina-e-bicampeao-mundial-de-surfe","status":"publish","type":"post","link":"https:\/\/www.caririemacao.com\/1\/2018\/12\/18\/gabriel-medina-e-bicampeao-mundial-de-surfe\/","title":{"rendered":"Gabriel Medina \u00e9 bicampe\u00e3o mundial de surfe"},"content":{"rendered":"<p>Gabriel Medina \u00e9 bicampe\u00e3o mundial de surfe. O brasileiro conquistou o segundo t\u00edtulo na carreira nesta segunda-feira (17), ap\u00f3s bater o sul-africano Jordy Smith na semifinal do Pipe Masters, no Hava\u00ed. L\u00edder do ranking, Medina precisava chegar \u00e0 final da etapa para n\u00e3o depender de outros resultados.<\/p>\n<p>O surfista de 24 anos, criado nas ondas de Maresias, no litoral de S\u00e3o Paulo, conseguiu o feito e p\u00f4de comemorar.<\/p>\n<p>O t\u00edtulo coroa uma temporada na qual o Brasil se tornou a principal pot\u00eancia da modalidade, agora ol\u00edmpica (ir\u00e1 estrear em T\u00f3quio 2020), deixando para tr\u00e1s na\u00e7\u00f5es tradicionais do surfe.<\/p>\n<p>Das 10 etapas finalizadas, oito foram vencidas por surfistas do pa\u00eds.<\/p>\n<p>&nbsp;<\/p>\n<p>&nbsp;<\/p>\n<p>EBC<\/p>\n","protected":false},"excerpt":{"rendered":"<p>Gabriel Medina \u00e9 bicampe\u00e3o mundial de surfe. O brasileiro conquistou o segundo t\u00edtulo na carreira nesta segunda-feira (17), ap\u00f3s bater o sul-africano Jordy Smith na&hellip; <\/p>\n","protected":false},"author":1,"featured_media":77193,"comment_status":"closed","ping_status":"closed","sticky":false,"template":"","format":"standard","meta":{"sfsi_plus_gutenberg_text_before_share":"","sfsi_plus_gutenberg_show_text_before_share":"","sfsi_plus_gutenberg_icon_type":"","sfsi_plus_gutenberg_icon_alignemt":"","sfsi_plus_gutenburg_max_per_row":"","footnotes":""},"categories":[13],"tags":[],"class_list":["post-77192","post","type-post","status-publish","format-standard","has-post-thumbnail","hentry","category-esportes"],"_links":{"self":[{"href":"https:\/\/www.caririemacao.com\/1\/wp-json\/wp\/v2\/posts\/77192","targetHints":{"allow":["GET"]}}],"collection":[{"href":"https:\/\/www.caririemacao.com\/1\/wp-json\/wp\/v2\/posts"}],"about":[{"href":"https:\/\/www.caririemacao.com\/1\/wp-json\/wp\/v2\/types\/post"}],"author":[{"embeddable":true,"href":"https:\/\/www.caririemacao.com\/1\/wp-json\/wp\/v2\/users\/1"}],"replies":[{"embeddable":true,"href":"https:\/\/www.caririemacao.com\/1\/wp-json\/wp\/v2\/comments?post=77192"}],"version-history":[{"count":1,"href":"https:\/\/www.caririemacao.com\/1\/wp-json\/wp\/v2\/posts\/77192\/revisions"}],"predecessor-version":[{"id":77194,"href":"https:\/\/www.caririemacao.com\/1\/wp-json\/wp\/v2\/posts\/77192\/revisions\/77194"}],"wp:featuredmedia":[{"embeddable":true,"href":"https:\/\/www.caririemacao.com\/1\/wp-json\/wp\/v2\/media\/77193"}],"wp:attachment":[{"href":"https:\/\/www.caririemacao.com\/1\/wp-json\/wp\/v2\/media?parent=77192"}],"wp:term":[{"taxonomy":"category","embeddable":true,"href":"https:\/\/www.caririemacao.com\/1\/wp-json\/wp\/v2\/categories?post=77192"},{"taxonomy":"post_tag","embeddable":true,"href":"https:\/\/www.caririemacao.com\/1\/wp-json\/wp\/v2\/tags?post=77192"}],"curies":[{"name":"wp","href":"https:\/\/api.w.org\/{rel}","templated":true}]}}