{"id":77202,"date":"2018-12-18T10:44:42","date_gmt":"2018-12-18T13:44:42","guid":{"rendered":"http:\/\/www.caririemacao.com\/1\/?p=77202"},"modified":"2018-12-18T10:44:42","modified_gmt":"2018-12-18T13:44:42","slug":"primeiro-ministro-de-israel-confirma-visita-ao-brasil-para-posse-de-bolsonaro","status":"publish","type":"post","link":"https:\/\/www.caririemacao.com\/1\/2018\/12\/18\/primeiro-ministro-de-israel-confirma-visita-ao-brasil-para-posse-de-bolsonaro\/","title":{"rendered":"Primeiro-ministro de Israel confirma visita ao Brasil para posse de Bolsonaro"},"content":{"rendered":"<p>O primeiro-ministro de Israel, Benjamin Netanyahu, anunciou, nesta segunda-feira (17), que vai participar da posse do presidente eleito do Brasil, Jair Bolsonaro, que prometeu mudar a embaixada de Tel Aviv para Jerusal\u00e9m, seguindo os passos dos Estados Unidos.<\/p>\n<p>O chefe do governo israelita, que tamb\u00e9m ocupa o cargo de ministro das Rela\u00e7\u00f5es Exteriores e da Defesa, viajar\u00e1 para Bras\u00edlia para a cerim\u00f4nia, que acontecer\u00e1 no dia 1\u00ba de Janeiro, segundo informa\u00e7\u00f5es de membros do gabinete.<\/p>\n<p>Na semana passada, Netanyahu expressou a sua satisfa\u00e7\u00e3o com o interesse que o novo chefe de estado brasileiro demonstrou em fortalecer as rela\u00e7\u00f5es com Israel.<\/p>\n<p>&#8220;O Brasil \u00e9 um grande pa\u00eds, tem um grande potencial econ\u00f4mico e acho que isso [estreitar la\u00e7os] seria ben\u00e9fico para ambos os nossos pa\u00edses&#8221;, disse elo chefe de governo israelita.<\/p>\n<p>Em novembro, Netanyahu felicitou Bolsonaro pelo an\u00fancio da sua inten\u00e7\u00e3o de transferir a embaixada brasileira para Jerusal\u00e9m, fato que considerou &#8220;um passo hist\u00f3rico adequado e emocionante&#8221;.<\/p>\n<p>Na \u00e9poca, Bolsonaro anunciou no Twitter que &#8220;como dito durante a campanha&#8221;, o novo governo tem &#8220;a inten\u00e7\u00e3o de transferir a Embaixada do Brasil de Tel Aviv para Jerusal\u00e9m&#8221;.<\/p>\n<p>Bolsonaro explicou em coletiva de imprensa ap\u00f3s a elei\u00e7\u00e3o que este assunto \u00e9 uma quest\u00e3o de soberania de um pa\u00eds e nenhum outro tem de se intrometer nessa decis\u00e3o.<\/p>\n<p>&#8220;Quem decide a capital \u00e9 o pa\u00eds. Se o Brasil trocou Rio de Janeiro por Bras\u00edlia, foi decis\u00e3o do Brasil. Eu n\u00e3o vejo nenhum problema. Temos todo o respeito por Israel e todo o respeito pelo povo \u00e1rabe. Aqui todo o mundo vive sem problemas&#8221;, assegurou o Presidente eleito.<\/p>\n<p>Se a transfer\u00eancia da embaixada for confirmada, a decis\u00e3o constitui uma altera\u00e7\u00e3o \u00e0 tradi\u00e7\u00e3o diplom\u00e1tica de neutralidade mantida por anos pelo Brasil em rela\u00e7\u00e3o ao conflito israelo-palestiniano.<\/p>\n<p>&nbsp;<\/p>\n<p>EBC<\/p>\n","protected":false},"excerpt":{"rendered":"<p>O primeiro-ministro de Israel, Benjamin Netanyahu, anunciou, nesta segunda-feira (17), que vai participar da posse do presidente eleito do Brasil, Jair Bolsonaro, que prometeu mudar&hellip; <\/p>\n","protected":false},"author":1,"featured_media":77203,"comment_status":"closed","ping_status":"closed","sticky":false,"template":"","format":"standard","meta":{"sfsi_plus_gutenberg_text_before_share":"","sfsi_plus_gutenberg_show_text_before_share":"","sfsi_plus_gutenberg_icon_type":"","sfsi_plus_gutenberg_icon_alignemt":"","sfsi_plus_gutenburg_max_per_row":"","footnotes":""},"categories":[11],"tags":[],"class_list":["post-77202","post","type-post","status-publish","format-standard","has-post-thumbnail","hentry","category-politica"],"_links":{"self":[{"href":"https:\/\/www.caririemacao.com\/1\/wp-json\/wp\/v2\/posts\/77202","targetHints":{"allow":["GET"]}}],"collection":[{"href":"https:\/\/www.caririemacao.com\/1\/wp-json\/wp\/v2\/posts"}],"about":[{"href":"https:\/\/www.caririemacao.com\/1\/wp-json\/wp\/v2\/types\/post"}],"author":[{"embeddable":true,"href":"https:\/\/www.caririemacao.com\/1\/wp-json\/wp\/v2\/users\/1"}],"replies":[{"embeddable":true,"href":"https:\/\/www.caririemacao.com\/1\/wp-json\/wp\/v2\/comments?post=77202"}],"version-history":[{"count":1,"href":"https:\/\/www.caririemacao.com\/1\/wp-json\/wp\/v2\/posts\/77202\/revisions"}],"predecessor-version":[{"id":77204,"href":"https:\/\/www.caririemacao.com\/1\/wp-json\/wp\/v2\/posts\/77202\/revisions\/77204"}],"wp:featuredmedia":[{"embeddable":true,"href":"https:\/\/www.caririemacao.com\/1\/wp-json\/wp\/v2\/media\/77203"}],"wp:attachment":[{"href":"https:\/\/www.caririemacao.com\/1\/wp-json\/wp\/v2\/media?parent=77202"}],"wp:term":[{"taxonomy":"category","embeddable":true,"href":"https:\/\/www.caririemacao.com\/1\/wp-json\/wp\/v2\/categories?post=77202"},{"taxonomy":"post_tag","embeddable":true,"href":"https:\/\/www.caririemacao.com\/1\/wp-json\/wp\/v2\/tags?post=77202"}],"curies":[{"name":"wp","href":"https:\/\/api.w.org\/{rel}","templated":true}]}}