{"id":77205,"date":"2018-12-18T10:51:50","date_gmt":"2018-12-18T13:51:50","guid":{"rendered":"http:\/\/www.caririemacao.com\/1\/?p=77205"},"modified":"2018-12-18T10:51:50","modified_gmt":"2018-12-18T13:51:50","slug":"concurso-para-professor-da-ufpb-e-suspenso-pela-justica-federal-na-paraiba","status":"publish","type":"post","link":"https:\/\/www.caririemacao.com\/1\/2018\/12\/18\/concurso-para-professor-da-ufpb-e-suspenso-pela-justica-federal-na-paraiba\/","title":{"rendered":"Concurso para professor da UFPB \u00e9 suspenso pela Justi\u00e7a Federal na Para\u00edba"},"content":{"rendered":"<p>O concurso de provas e t\u00edtulos para professor do magist\u00e9rio superior do Departamento de Gest\u00e3o P\u00fablica do Centro de Ci\u00eancias Sociais Aplicadas (CCSA), da Universidade Federal da Para\u00edba (UFPB), na \u00e1rea de Economia, foi suspenso pela Justi\u00e7a Federal na Para\u00edba (JFPB).<\/p>\n<p>A decis\u00e3o, em car\u00e1ter liminar, reconhece ind\u00edcios que ferem os princ\u00edpios da Administra\u00e7\u00e3o P\u00fablica, especialmente o da impessoalidade e o do concurso p\u00fablico.<\/p>\n<p>Segundo a liminar concedida pela ju\u00edza federal Cristina Garcez, da 3\u00aa Vara, a aprovada no concurso, regido pelo Edital n\u00ba 55 de 25\/05\/2018, teria amizade com a presidente da banca examinadora, que, por sua vez, deveria ter se declarado suspeita.<\/p>\n<p>Nas redes sociais de ambas, h\u00e1 demonstra\u00e7\u00e3o de agradecimentos e gratid\u00f5es manifestadas mediante trocas de coment\u00e1rios, cumprimentos e comunica\u00e7\u00f5es virtuais bem amistosas, fatos suficientes para caracterizar a quebra da imparcialidade\/impessoalidade do concurso.<\/p>\n<p>A magistrada ressalta que a liminar n\u00e3o p\u00f5e em d\u00favida a lisura e a seriedade da presidente da banca, mas se refere especificamente \u00e0 participa\u00e7\u00e3o dela na comiss\u00e3o avaliadora, beneficiando sua amiga \u00edntima que participava do concurso como candidata.<\/p>\n<p>Dessa forma, o concurso fica suspenso at\u00e9 julgamento do m\u00e9rito da A\u00e7\u00e3o Civil P\u00fablica, ajuizada pelo Minist\u00e9rio P\u00fablico Federal (MPF), ou at\u00e9 delibera\u00e7\u00e3o em contr\u00e1rio.<\/p>\n<p>&nbsp;<\/p>\n<p>Ascom<\/p>\n","protected":false},"excerpt":{"rendered":"<p>O concurso de provas e t\u00edtulos para professor do magist\u00e9rio superior do Departamento de Gest\u00e3o P\u00fablica do Centro de Ci\u00eancias Sociais Aplicadas (CCSA), da Universidade&hellip; <\/p>\n","protected":false},"author":1,"featured_media":77206,"comment_status":"closed","ping_status":"closed","sticky":false,"template":"","format":"standard","meta":{"sfsi_plus_gutenberg_text_before_share":"","sfsi_plus_gutenberg_show_text_before_share":"","sfsi_plus_gutenberg_icon_type":"","sfsi_plus_gutenberg_icon_alignemt":"","sfsi_plus_gutenburg_max_per_row":"","footnotes":""},"categories":[14],"tags":[],"class_list":["post-77205","post","type-post","status-publish","format-standard","has-post-thumbnail","hentry","category-educacao"],"_links":{"self":[{"href":"https:\/\/www.caririemacao.com\/1\/wp-json\/wp\/v2\/posts\/77205","targetHints":{"allow":["GET"]}}],"collection":[{"href":"https:\/\/www.caririemacao.com\/1\/wp-json\/wp\/v2\/posts"}],"about":[{"href":"https:\/\/www.caririemacao.com\/1\/wp-json\/wp\/v2\/types\/post"}],"author":[{"embeddable":true,"href":"https:\/\/www.caririemacao.com\/1\/wp-json\/wp\/v2\/users\/1"}],"replies":[{"embeddable":true,"href":"https:\/\/www.caririemacao.com\/1\/wp-json\/wp\/v2\/comments?post=77205"}],"version-history":[{"count":1,"href":"https:\/\/www.caririemacao.com\/1\/wp-json\/wp\/v2\/posts\/77205\/revisions"}],"predecessor-version":[{"id":77207,"href":"https:\/\/www.caririemacao.com\/1\/wp-json\/wp\/v2\/posts\/77205\/revisions\/77207"}],"wp:featuredmedia":[{"embeddable":true,"href":"https:\/\/www.caririemacao.com\/1\/wp-json\/wp\/v2\/media\/77206"}],"wp:attachment":[{"href":"https:\/\/www.caririemacao.com\/1\/wp-json\/wp\/v2\/media?parent=77205"}],"wp:term":[{"taxonomy":"category","embeddable":true,"href":"https:\/\/www.caririemacao.com\/1\/wp-json\/wp\/v2\/categories?post=77205"},{"taxonomy":"post_tag","embeddable":true,"href":"https:\/\/www.caririemacao.com\/1\/wp-json\/wp\/v2\/tags?post=77205"}],"curies":[{"name":"wp","href":"https:\/\/api.w.org\/{rel}","templated":true}]}}