{"id":77209,"date":"2018-12-18T10:57:55","date_gmt":"2018-12-18T13:57:55","guid":{"rendered":"http:\/\/www.caririemacao.com\/1\/?p=77209"},"modified":"2018-12-18T10:57:55","modified_gmt":"2018-12-18T13:57:55","slug":"2019-prefeito-anuncia-concurso-entrega-do-shopping-e-varias-outras-obras-para-populacao-de-sume-assista","status":"publish","type":"post","link":"https:\/\/www.caririemacao.com\/1\/2018\/12\/18\/2019-prefeito-anuncia-concurso-entrega-do-shopping-e-varias-outras-obras-para-populacao-de-sume-assista\/","title":{"rendered":"2019: Prefeito anuncia concurso, entrega do Shopping e v\u00e1rias outras obras para popula\u00e7\u00e3o de Sum\u00e9; ASSISTA!"},"content":{"rendered":"<p>O portal De Olho no Cariri estreou nesta segunda-feira(17), a s\u00e9rie de entrevistas com gestores p\u00fablicos do Cariri em novo quadro intitulado: \u201cO que esperar de 2019?\u201d. Como primeiro entrevistado, o jornalista e editor do portal, Klebson Wanderley, recebeu o prefeito da cidade de Sum\u00e9, \u00c9den Duarte.<\/p>\n<p>O prefeito sumeense avaliou os trabalhos feitos pela gest\u00e3o no ano de 2018 e falou sobre as suas expectativas para o ano de 2019, revelando em primeira m\u00e3o v\u00e1rios projetos, a\u00e7\u00f5es e obras que pretende concluir e entregar a popula\u00e7\u00e3o no novo ano.<\/p>\n<div class=\"wp-block-image\">\n<figure class=\"aligncenter is-resized\"><img fetchpriority=\"high\" decoding=\"async\" class=\"wp-image-60517\" src=\"http:\/\/deolhonocariri.com.br\/wp-content\/uploads\/2018\/12\/eden_deolhonocariri-1024x621.jpg\" sizes=\"(max-width: 464px) 100vw, 464px\" srcset=\"http:\/\/deolhonocariri.com.br\/wp-content\/uploads\/2018\/12\/eden_deolhonocariri-1024x621.jpg 1024w, http:\/\/deolhonocariri.com.br\/wp-content\/uploads\/2018\/12\/eden_deolhonocariri-400x242.jpg 400w, http:\/\/deolhonocariri.com.br\/wp-content\/uploads\/2018\/12\/eden_deolhonocariri-600x364.jpg 600w, http:\/\/deolhonocariri.com.br\/wp-content\/uploads\/2018\/12\/eden_deolhonocariri-768x466.jpg 768w\" alt=\"\" width=\"464\" height=\"281\" \/><figcaption><\/figcaption><\/figure>\n<\/div>\n<p>\u00c9den Duarte anunciou com exclusividade a realiza\u00e7\u00e3o do mais novo concurso p\u00fablico do munic\u00edpio, com abertura do edital j\u00e1 no in\u00edcio de 2019. Anunciou ainda uma boa not\u00edcia para popula\u00e7\u00e3o n\u00e3o s\u00f3 de Sum\u00e9, mas de toda a regi\u00e3o do Cariri, que \u00e9 a retomada do programa de implantes dent\u00e1rios, \u201cBrasil Sorridente\u201d, que beneficia in\u00fameras pessoas carentes de toda a regi\u00e3o. Segundo \u00c9den, em 2019 sua expectativa \u00e9 retomar o projeto com for\u00e7a total.<\/p>\n<p>O gestor anunciou ainda um \u2018leque\u2019 de obras estruturantes e grandes investimentos para a cidade de Sum\u00e9 no novo ano, a exemplo do t\u00e9rmino do Shopping da cidade, a vinda do Centro de Hemodi\u00e1lise que ser\u00e1 sediado na cidade de Sum\u00e9, al\u00e9m da constru\u00e7\u00e3o do Parque de Exposi\u00e7\u00f5es, Centro de Forma\u00e7\u00e3o para Professores, reforma e implanta\u00e7\u00e3o da ilumina\u00e7\u00e3o no est\u00e1dio de futebol, al\u00e9m de grandes investimentos em abastecimento de \u00e1gua na zona rural, saneamento b\u00e1sico na zona urbana, mais ruas pavimentadas, entre outros projetos.<\/p>\n<p>A pr\u00f3xima edi\u00e7\u00e3o do quadro \u201cO que esperar de 2019\u201d ocorre nesta quarta-feira (19) e receber\u00e1 o prefeito de Gurj\u00e3o e presidente da AMCAP, Ronaldo Queiroz.<\/p>\n<p><strong>Assista abaixo a entrevista na \u00edntegra:<\/strong><\/p>\n<figure class=\"wp-block-embed-facebook wp-block-embed is-type-video is-provider-facebook\">\n<div class=\"wp-block-embed__wrapper\">\n<div id=\"fb-root\" class=\" fb_reset\">\n<div>\n<div><\/div>\n<div><\/div>\n<\/div>\n<\/div>\n<div class=\"fb-video fb_iframe_widget fb_iframe_widget_fluid_desktop\" data-href=\"https:\/\/www.facebook.com\/deolho.nocariri\/videos\/289865734999410\/\" data-width=\"500\"><iframe title=\"fb:video Facebook Social Plugin\" data-src=\"https:\/\/www.facebook.com\/v3.2\/plugins\/video.php?app_id=&amp;channel=https%3A%2F%2Fstaticxx.facebook.com%2Fconnect%2Fxd_arbiter%2Fr%2Fj-GHT1gpo6-.js%3Fversion%3D43%23cb%3Df7f7b7c8eebe87%26domain%3Ddeolhonocariri.com.br%26origin%3Dhttp%253A%252F%252Fdeolhonocariri.com.br%252Ffe19511b3a5e93%26relation%3Dparent.parent&amp;container_width=750&amp;href=https%3A%2F%2Fwww.facebook.com%2Fdeolho.nocariri%2Fvideos%2F289865734999410%2F&amp;locale=pt_BR&amp;sdk=joey&amp;width=500\" name=\"f2f41bfa43d50a4\" width=\"500\" height=\"1000\" frameborder=\"0\" scrolling=\"no\" allowfullscreen=\"allowfullscreen\" data-mce-fragment=\"1\" src=\"data:image\/svg+xml;base64,PHN2ZyB3aWR0aD0iMSIgaGVpZ2h0PSIxIiB4bWxucz0iaHR0cDovL3d3dy53My5vcmcvMjAwMC9zdmciPjwvc3ZnPg==\" class=\"lazyload\" data-load-mode=\"1\"><\/iframe><\/div>\n<\/div>\n<\/figure>\n<p>De Olho no Cariri<\/p>\n","protected":false},"excerpt":{"rendered":"<p>O portal De Olho no Cariri estreou nesta segunda-feira(17), a s\u00e9rie de entrevistas com gestores p\u00fablicos do Cariri em novo quadro intitulado: \u201cO que esperar&hellip; <\/p>\n","protected":false},"author":1,"featured_media":54911,"comment_status":"closed","ping_status":"closed","sticky":false,"template":"","format":"standard","meta":{"sfsi_plus_gutenberg_text_before_share":"","sfsi_plus_gutenberg_show_text_before_share":"","sfsi_plus_gutenberg_icon_type":"","sfsi_plus_gutenberg_icon_alignemt":"","sfsi_plus_gutenburg_max_per_row":"","footnotes":""},"categories":[6],"tags":[],"class_list":["post-77209","post","type-post","status-publish","format-standard","has-post-thumbnail","hentry","category-cidades"],"_links":{"self":[{"href":"https:\/\/www.caririemacao.com\/1\/wp-json\/wp\/v2\/posts\/77209","targetHints":{"allow":["GET"]}}],"collection":[{"href":"https:\/\/www.caririemacao.com\/1\/wp-json\/wp\/v2\/posts"}],"about":[{"href":"https:\/\/www.caririemacao.com\/1\/wp-json\/wp\/v2\/types\/post"}],"author":[{"embeddable":true,"href":"https:\/\/www.caririemacao.com\/1\/wp-json\/wp\/v2\/users\/1"}],"replies":[{"embeddable":true,"href":"https:\/\/www.caririemacao.com\/1\/wp-json\/wp\/v2\/comments?post=77209"}],"version-history":[{"count":1,"href":"https:\/\/www.caririemacao.com\/1\/wp-json\/wp\/v2\/posts\/77209\/revisions"}],"predecessor-version":[{"id":77210,"href":"https:\/\/www.caririemacao.com\/1\/wp-json\/wp\/v2\/posts\/77209\/revisions\/77210"}],"wp:featuredmedia":[{"embeddable":true,"href":"https:\/\/www.caririemacao.com\/1\/wp-json\/wp\/v2\/media\/54911"}],"wp:attachment":[{"href":"https:\/\/www.caririemacao.com\/1\/wp-json\/wp\/v2\/media?parent=77209"}],"wp:term":[{"taxonomy":"category","embeddable":true,"href":"https:\/\/www.caririemacao.com\/1\/wp-json\/wp\/v2\/categories?post=77209"},{"taxonomy":"post_tag","embeddable":true,"href":"https:\/\/www.caririemacao.com\/1\/wp-json\/wp\/v2\/tags?post=77209"}],"curies":[{"name":"wp","href":"https:\/\/api.w.org\/{rel}","templated":true}]}}