{"id":77212,"date":"2018-12-18T11:08:06","date_gmt":"2018-12-18T14:08:06","guid":{"rendered":"http:\/\/www.caririemacao.com\/1\/?p=77212"},"modified":"2018-12-18T11:08:06","modified_gmt":"2018-12-18T14:08:06","slug":"terminam-hoje-as-inscricoes-para-o-concurso-da-policia-rodoviaria-federal","status":"publish","type":"post","link":"https:\/\/www.caririemacao.com\/1\/2018\/12\/18\/terminam-hoje-as-inscricoes-para-o-concurso-da-policia-rodoviaria-federal\/","title":{"rendered":"Terminam hoje as inscri\u00e7\u00f5es para o concurso da Pol\u00edcia Rodovi\u00e1ria Federal"},"content":{"rendered":"<p>Terminam nesta ter\u00e7a-feira (18), as inscri\u00e7\u00f5es para o concurso\u00a0da Pol\u00edcia Rodovi\u00e1ria Federal (PRF), com 500 vagas imediatas\u00a0para o cargo de Policial Federal Rodovi\u00e1rio. Os policiais rodovi\u00e1rios receber\u00e3o sal\u00e1rios iniciais de R$ 9.473,57.<\/p>\n<p>O formul\u00e1rio para preenchimento da candidatura ficar\u00e1 dispon\u00edvel no\u00a0site da pr\u00f3pria banca organizadora do certame, Cespe\/Cebraspe.<\/p>\n<p>A taxa de inscri\u00e7\u00e3o \u00e9 de R$ 150. O pagamento pode ser feito at\u00e9 15 de janeiro de 2019.<\/p>\n<p><a href=\"http:\/\/www.cespe.unb.br\/concursos\/PRF_18\/arquivos\/ED_1_PRF_2018_ABT.PDF\" target=\"true\">Confira o Edital<\/a><\/p>\n<p>Entre os crit\u00e9rios, o\u00a0candidato precisa ter de 18 a 65 anos de idade, ensino superior completo em qualquer \u00e1rea de forma\u00e7\u00e3o e habilita\u00e7\u00e3o, na categoria B ou superior.<\/p>\n<p>O concurso ter\u00e1 as etapas da Prova Objetiva, Prova Discursiva, Exame de Capacidade F\u00edsica, Avalia\u00e7\u00e3o de Sa\u00fade, Avalia\u00e7\u00e3o Psicol\u00f3gica, Avalia\u00e7\u00e3o de T\u00edtulos e Investiga\u00e7\u00e3o Social.<\/p>\n<p>A prova objetiva ser\u00e1 aplicada no dia 03 de fevereiro de 2019, composta por 120 quest\u00f5es, abordando conhecimentos b\u00e1sicos e espec\u00edficos. A prova ter\u00e1 dura\u00e7\u00e3o de 4 horas e 30 minutos, com 120 itens, do tipo CERTO e ERRADO. Al\u00e9m da prova objetiva, os candidatos responde a uma prova discursiva, composta por uma quest\u00e3o com tema a ser discutido em 30 linhas.<\/p>\n","protected":false},"excerpt":{"rendered":"<p>Terminam nesta ter\u00e7a-feira (18), as inscri\u00e7\u00f5es para o concurso\u00a0da Pol\u00edcia Rodovi\u00e1ria Federal (PRF), com 500 vagas imediatas\u00a0para o cargo de Policial Federal Rodovi\u00e1rio. Os policiais&hellip; <\/p>\n","protected":false},"author":1,"featured_media":71194,"comment_status":"closed","ping_status":"closed","sticky":false,"template":"","format":"standard","meta":{"sfsi_plus_gutenberg_text_before_share":"","sfsi_plus_gutenberg_show_text_before_share":"","sfsi_plus_gutenberg_icon_type":"","sfsi_plus_gutenberg_icon_alignemt":"","sfsi_plus_gutenburg_max_per_row":"","footnotes":""},"categories":[2],"tags":[],"class_list":["post-77212","post","type-post","status-publish","format-standard","has-post-thumbnail","hentry","category-geral"],"_links":{"self":[{"href":"https:\/\/www.caririemacao.com\/1\/wp-json\/wp\/v2\/posts\/77212","targetHints":{"allow":["GET"]}}],"collection":[{"href":"https:\/\/www.caririemacao.com\/1\/wp-json\/wp\/v2\/posts"}],"about":[{"href":"https:\/\/www.caririemacao.com\/1\/wp-json\/wp\/v2\/types\/post"}],"author":[{"embeddable":true,"href":"https:\/\/www.caririemacao.com\/1\/wp-json\/wp\/v2\/users\/1"}],"replies":[{"embeddable":true,"href":"https:\/\/www.caririemacao.com\/1\/wp-json\/wp\/v2\/comments?post=77212"}],"version-history":[{"count":1,"href":"https:\/\/www.caririemacao.com\/1\/wp-json\/wp\/v2\/posts\/77212\/revisions"}],"predecessor-version":[{"id":77213,"href":"https:\/\/www.caririemacao.com\/1\/wp-json\/wp\/v2\/posts\/77212\/revisions\/77213"}],"wp:featuredmedia":[{"embeddable":true,"href":"https:\/\/www.caririemacao.com\/1\/wp-json\/wp\/v2\/media\/71194"}],"wp:attachment":[{"href":"https:\/\/www.caririemacao.com\/1\/wp-json\/wp\/v2\/media?parent=77212"}],"wp:term":[{"taxonomy":"category","embeddable":true,"href":"https:\/\/www.caririemacao.com\/1\/wp-json\/wp\/v2\/categories?post=77212"},{"taxonomy":"post_tag","embeddable":true,"href":"https:\/\/www.caririemacao.com\/1\/wp-json\/wp\/v2\/tags?post=77212"}],"curies":[{"name":"wp","href":"https:\/\/api.w.org\/{rel}","templated":true}]}}