{"id":77214,"date":"2018-12-18T11:23:15","date_gmt":"2018-12-18T14:23:15","guid":{"rendered":"http:\/\/www.caririemacao.com\/1\/?p=77214"},"modified":"2018-12-18T11:23:15","modified_gmt":"2018-12-18T14:23:15","slug":"profissionais-inscritos-no-mais-medicos-tem-ate-hoje-para-se-apresentarem-as-prefeituras","status":"publish","type":"post","link":"https:\/\/www.caririemacao.com\/1\/2018\/12\/18\/profissionais-inscritos-no-mais-medicos-tem-ate-hoje-para-se-apresentarem-as-prefeituras\/","title":{"rendered":"Profissionais inscritos no Mais M\u00e9dicos t\u00eam at\u00e9 hoje para se apresentarem \u00e0s prefeituras"},"content":{"rendered":"<p>Os\u00a0profissionais inscritos no &#8216;Mais M\u00e9dicos&#8217;\u00a0t\u00eam at\u00e9 esta ter\u00e7a-feira (18) para se apresentarem aos gestores do programa nos munic\u00edpios escolhidos. Cerca de 30% ainda n\u00e3o se apresentaram.<\/p>\n<p>O Minist\u00e9rio da Sa\u00fade informou que 5.935 (cerca de 70,5%) dos 8.411 inscritos na sele\u00e7\u00e3o do programa Mais M\u00e9dicos j\u00e1 haviam comparecido nos locais de trabalho at\u00e9 as 10h desta segunda-feira (17).<\/p>\n<p>Segundo o Minist\u00e9rio da Sa\u00fade, o programa recebeu 36.490 inscri\u00e7\u00f5es, preenchendo 98,7% das 8.517.<\/p>\n<p>Ainda n\u00e3o se sabe a data prevista para a atua\u00e7\u00e3o dos novos m\u00e9dicos inscritos no programa.\u00a0O come\u00e7o da atua\u00e7\u00e3o desses m\u00e9dicos ser\u00e1 estabelecido pelos gestores nos munic\u00edpios.<\/p>\n<p>O sal\u00e1rio funciona\u00a0por meio de remunera\u00e7\u00e3o via bolsa no valor de\u00a0R$ 11,8 mil. Para alguns munic\u00edpios, o governo tamb\u00e9m oferece aux\u00edlio-moradia.<\/p>\n<p>At\u00e9 18 de dezembro &#8211; Apresenta\u00e7\u00e3o dos m\u00e9dicos com CRM Brasil nos munic\u00edpios;<\/p>\n<p>De 20 de dezembro a 21 de dezembro &#8211; M\u00e9dicos CRM Brasil escolhem munic\u00edpios com vagas dispon\u00edveis;<\/p>\n<p>De 27 de dezembro a 28 de dezembro &#8211; M\u00e9dicos brasileiros formados no exterior escolhem munic\u00edpios com vagas dispon\u00edveis;<\/p>\n<p>De 3 de janeiro a 4 de janeiro de 2019 &#8211; M\u00e9dicos estrangeiros formados no exterior escolhem munic\u00edpios com vagas dispon\u00edveis.<\/p>\n","protected":false},"excerpt":{"rendered":"<p>Os\u00a0profissionais inscritos no &#8216;Mais M\u00e9dicos&#8217;\u00a0t\u00eam at\u00e9 esta ter\u00e7a-feira (18) para se apresentarem aos gestores do programa nos munic\u00edpios escolhidos. Cerca de 30% ainda n\u00e3o se&hellip; <\/p>\n","protected":false},"author":1,"featured_media":28337,"comment_status":"closed","ping_status":"closed","sticky":false,"template":"","format":"standard","meta":{"sfsi_plus_gutenberg_text_before_share":"","sfsi_plus_gutenberg_show_text_before_share":"","sfsi_plus_gutenberg_icon_type":"","sfsi_plus_gutenberg_icon_alignemt":"","sfsi_plus_gutenburg_max_per_row":"","footnotes":""},"categories":[16],"tags":[],"class_list":["post-77214","post","type-post","status-publish","format-standard","has-post-thumbnail","hentry","category-saude"],"_links":{"self":[{"href":"https:\/\/www.caririemacao.com\/1\/wp-json\/wp\/v2\/posts\/77214","targetHints":{"allow":["GET"]}}],"collection":[{"href":"https:\/\/www.caririemacao.com\/1\/wp-json\/wp\/v2\/posts"}],"about":[{"href":"https:\/\/www.caririemacao.com\/1\/wp-json\/wp\/v2\/types\/post"}],"author":[{"embeddable":true,"href":"https:\/\/www.caririemacao.com\/1\/wp-json\/wp\/v2\/users\/1"}],"replies":[{"embeddable":true,"href":"https:\/\/www.caririemacao.com\/1\/wp-json\/wp\/v2\/comments?post=77214"}],"version-history":[{"count":1,"href":"https:\/\/www.caririemacao.com\/1\/wp-json\/wp\/v2\/posts\/77214\/revisions"}],"predecessor-version":[{"id":77224,"href":"https:\/\/www.caririemacao.com\/1\/wp-json\/wp\/v2\/posts\/77214\/revisions\/77224"}],"wp:featuredmedia":[{"embeddable":true,"href":"https:\/\/www.caririemacao.com\/1\/wp-json\/wp\/v2\/media\/28337"}],"wp:attachment":[{"href":"https:\/\/www.caririemacao.com\/1\/wp-json\/wp\/v2\/media?parent=77214"}],"wp:term":[{"taxonomy":"category","embeddable":true,"href":"https:\/\/www.caririemacao.com\/1\/wp-json\/wp\/v2\/categories?post=77214"},{"taxonomy":"post_tag","embeddable":true,"href":"https:\/\/www.caririemacao.com\/1\/wp-json\/wp\/v2\/tags?post=77214"}],"curies":[{"name":"wp","href":"https:\/\/api.w.org\/{rel}","templated":true}]}}