{"id":77216,"date":"2018-12-19T11:14:34","date_gmt":"2018-12-19T14:14:34","guid":{"rendered":"http:\/\/www.caririemacao.com\/1\/?p=77216"},"modified":"2018-12-19T12:53:59","modified_gmt":"2018-12-19T15:53:59","slug":"prefeitura-de-sume-intensifica-acoes-contra-o-trabalho-infantil","status":"publish","type":"post","link":"https:\/\/www.caririemacao.com\/1\/2018\/12\/19\/prefeitura-de-sume-intensifica-acoes-contra-o-trabalho-infantil\/","title":{"rendered":"Prefeitura de Sum\u00e9 intensifica a\u00e7\u00f5es contra o trabalho infantil"},"content":{"rendered":"<p style=\"font-weight: 400;\">A Prefeitura de Sum\u00e9 tem trabalhado continuamente no enfrentamento ao trabalho infantil.<\/p>\n<p style=\"font-weight: 400;\">Na segunda-feira (17\/12), a equipe do Creas e do Conselho Tutelar realizaram uma fiscaliza\u00e7\u00e3o durante a feira do Mercado P\u00fablico.<\/p>\n<p style=\"font-weight: 400;\">Eles repassaram orienta\u00e7\u00f5es aos feirantes e comerciantes sobre a proibi\u00e7\u00e3o de contrata\u00e7\u00f5es de menores, principalmente neste per\u00edodo de f\u00e9rias escolares.<\/p>\n<p style=\"font-weight: 400;\">Na oportunidade, o Conselho Tutelar tamb\u00e9m orientou os donos de bares para n\u00e3o venderem bebidas alc\u00f3olicas a menores de 18 anos.<\/p>\n<p style=\"font-weight: 400;\">Ascom PMS<\/p>\n","protected":false},"excerpt":{"rendered":"<p>A Prefeitura de Sum\u00e9 tem trabalhado continuamente no enfrentamento ao trabalho infantil. Na segunda-feira (17\/12), a equipe do Creas e do Conselho Tutelar realizaram uma&hellip; <\/p>\n","protected":false},"author":1,"featured_media":77217,"comment_status":"closed","ping_status":"closed","sticky":false,"template":"","format":"standard","meta":{"sfsi_plus_gutenberg_text_before_share":"","sfsi_plus_gutenberg_show_text_before_share":"","sfsi_plus_gutenberg_icon_type":"","sfsi_plus_gutenberg_icon_alignemt":"","sfsi_plus_gutenburg_max_per_row":"","footnotes":""},"categories":[50,2],"tags":[],"class_list":["post-77216","post","type-post","status-publish","format-standard","has-post-thumbnail","hentry","category-destaque","category-geral"],"_links":{"self":[{"href":"https:\/\/www.caririemacao.com\/1\/wp-json\/wp\/v2\/posts\/77216","targetHints":{"allow":["GET"]}}],"collection":[{"href":"https:\/\/www.caririemacao.com\/1\/wp-json\/wp\/v2\/posts"}],"about":[{"href":"https:\/\/www.caririemacao.com\/1\/wp-json\/wp\/v2\/types\/post"}],"author":[{"embeddable":true,"href":"https:\/\/www.caririemacao.com\/1\/wp-json\/wp\/v2\/users\/1"}],"replies":[{"embeddable":true,"href":"https:\/\/www.caririemacao.com\/1\/wp-json\/wp\/v2\/comments?post=77216"}],"version-history":[{"count":1,"href":"https:\/\/www.caririemacao.com\/1\/wp-json\/wp\/v2\/posts\/77216\/revisions"}],"predecessor-version":[{"id":77218,"href":"https:\/\/www.caririemacao.com\/1\/wp-json\/wp\/v2\/posts\/77216\/revisions\/77218"}],"wp:featuredmedia":[{"embeddable":true,"href":"https:\/\/www.caririemacao.com\/1\/wp-json\/wp\/v2\/media\/77217"}],"wp:attachment":[{"href":"https:\/\/www.caririemacao.com\/1\/wp-json\/wp\/v2\/media?parent=77216"}],"wp:term":[{"taxonomy":"category","embeddable":true,"href":"https:\/\/www.caririemacao.com\/1\/wp-json\/wp\/v2\/categories?post=77216"},{"taxonomy":"post_tag","embeddable":true,"href":"https:\/\/www.caririemacao.com\/1\/wp-json\/wp\/v2\/tags?post=77216"}],"curies":[{"name":"wp","href":"https:\/\/api.w.org\/{rel}","templated":true}]}}