{"id":77220,"date":"2018-12-19T11:17:30","date_gmt":"2018-12-19T14:17:30","guid":{"rendered":"http:\/\/www.caririemacao.com\/1\/?p=77220"},"modified":"2018-12-19T12:28:25","modified_gmt":"2018-12-19T15:28:25","slug":"prefeitura-de-sume-entrega-boletos-do-garantia-safra-2018-2019","status":"publish","type":"post","link":"https:\/\/www.caririemacao.com\/1\/2018\/12\/19\/prefeitura-de-sume-entrega-boletos-do-garantia-safra-2018-2019\/","title":{"rendered":"Prefeitura de Sum\u00e9 entrega boletos do Garantia-Safra 2018\/2019"},"content":{"rendered":"<p>A Secretaria de Desenvolvimento Agropecu\u00e1rio e Meio Ambiente do Munic\u00edpio de Sum\u00e9 est\u00e1 fazendo a entrega dos boletos do Garantia-Safra 2018\/2019.<br \/>\nEm Sum\u00e9 foram classificados 551 agricultores para fazer a ades\u00e3o ao Programa.<br \/>\nOs agricultores tem at\u00e9 o pr\u00f3ximo 31 de dezembro para pegar os boletos de pagamento que est\u00e3o sendo entregues na Secretaria de Desenvolvimento Agropecu\u00e1rio.<br \/>\nCada agricultor pagar\u00e1 o valor de R$ 17,00 pela ades\u00e3o e a Prefeitura de Sum\u00e9 ir\u00e1 pagar R$ 44,00 por cada agricultor aderido. O agricultor s\u00f3 ter\u00e1 aderido ao Programa ap\u00f3s pagar a referida taxa.<br \/>\nO benef\u00edcio do garantia-safra garante ao agricultor familiar o recebimento de um aux\u00edlio pecuni\u00e1rio, por tempo determinado, caso perca sua safra em raz\u00e3o do fen\u00f4meno da estiagem ou do excesso h\u00eddrico.<br \/>\nOs recursos para o pagamento dos benef\u00edcios provem das contribui\u00e7\u00f5es dos agricultores (taxa de ades\u00e3o) e contribui\u00e7\u00f5es dos munic\u00edpios, dos estados e da Uni\u00e3o, que juntas formam o Fundo Garantia-Safra.<br \/>\nAscom PMS<\/p>\n","protected":false},"excerpt":{"rendered":"<p>A Secretaria de Desenvolvimento Agropecu\u00e1rio e Meio Ambiente do Munic\u00edpio de Sum\u00e9 est\u00e1 fazendo a entrega dos boletos do Garantia-Safra 2018\/2019. Em Sum\u00e9 foram classificados&hellip; <\/p>\n","protected":false},"author":1,"featured_media":77221,"comment_status":"closed","ping_status":"closed","sticky":false,"template":"","format":"standard","meta":{"sfsi_plus_gutenberg_text_before_share":"","sfsi_plus_gutenberg_show_text_before_share":"","sfsi_plus_gutenberg_icon_type":"","sfsi_plus_gutenberg_icon_alignemt":"","sfsi_plus_gutenburg_max_per_row":"","footnotes":""},"categories":[6],"tags":[],"class_list":["post-77220","post","type-post","status-publish","format-standard","has-post-thumbnail","hentry","category-cidades"],"_links":{"self":[{"href":"https:\/\/www.caririemacao.com\/1\/wp-json\/wp\/v2\/posts\/77220","targetHints":{"allow":["GET"]}}],"collection":[{"href":"https:\/\/www.caririemacao.com\/1\/wp-json\/wp\/v2\/posts"}],"about":[{"href":"https:\/\/www.caririemacao.com\/1\/wp-json\/wp\/v2\/types\/post"}],"author":[{"embeddable":true,"href":"https:\/\/www.caririemacao.com\/1\/wp-json\/wp\/v2\/users\/1"}],"replies":[{"embeddable":true,"href":"https:\/\/www.caririemacao.com\/1\/wp-json\/wp\/v2\/comments?post=77220"}],"version-history":[{"count":1,"href":"https:\/\/www.caririemacao.com\/1\/wp-json\/wp\/v2\/posts\/77220\/revisions"}],"predecessor-version":[{"id":77222,"href":"https:\/\/www.caririemacao.com\/1\/wp-json\/wp\/v2\/posts\/77220\/revisions\/77222"}],"wp:featuredmedia":[{"embeddable":true,"href":"https:\/\/www.caririemacao.com\/1\/wp-json\/wp\/v2\/media\/77221"}],"wp:attachment":[{"href":"https:\/\/www.caririemacao.com\/1\/wp-json\/wp\/v2\/media?parent=77220"}],"wp:term":[{"taxonomy":"category","embeddable":true,"href":"https:\/\/www.caririemacao.com\/1\/wp-json\/wp\/v2\/categories?post=77220"},{"taxonomy":"post_tag","embeddable":true,"href":"https:\/\/www.caririemacao.com\/1\/wp-json\/wp\/v2\/tags?post=77220"}],"curies":[{"name":"wp","href":"https:\/\/api.w.org\/{rel}","templated":true}]}}