{"id":77223,"date":"2018-12-18T11:25:34","date_gmt":"2018-12-18T14:25:34","guid":{"rendered":"http:\/\/www.caririemacao.com\/1\/?p=77223"},"modified":"2018-12-18T11:25:34","modified_gmt":"2018-12-18T14:25:34","slug":"2a-edicao-da-cantata-natalina-sera-realizada-em-amparo-nesta-quarta-feira","status":"publish","type":"post","link":"https:\/\/www.caririemacao.com\/1\/2018\/12\/18\/2a-edicao-da-cantata-natalina-sera-realizada-em-amparo-nesta-quarta-feira\/","title":{"rendered":"2\u00aa Edi\u00e7\u00e3o da Cantata Natalina ser\u00e1 realizada em Amparo nesta quarta-feira"},"content":{"rendered":"<p>A Prefeitura Municipal de Amparo, em nome da Secretaria de Assist\u00eancia Social convida toda a popula\u00e7\u00e3o Amparense para prestigiar a 2\u00aa Edi\u00e7\u00e3o da Cantata Natalina que ser\u00e1 realizada na pr\u00f3xima quarta-feira (19), com inicio \u00e0s 19h00min. O evento ser\u00e1 realizado em frente a Igreja de S\u00e3o Sebasti\u00e3o, na Pra\u00e7a Miguel Pereira.<\/p>\n<p>&nbsp;<\/p>\n<p>Amparo Ligado<\/p>\n","protected":false},"excerpt":{"rendered":"<p>A Prefeitura Municipal de Amparo, em nome da Secretaria de Assist\u00eancia Social convida toda a popula\u00e7\u00e3o Amparense para prestigiar a 2\u00aa Edi\u00e7\u00e3o da Cantata Natalina&hellip; <\/p>\n","protected":false},"author":1,"featured_media":44138,"comment_status":"closed","ping_status":"closed","sticky":false,"template":"","format":"standard","meta":{"sfsi_plus_gutenberg_text_before_share":"","sfsi_plus_gutenberg_show_text_before_share":"","sfsi_plus_gutenberg_icon_type":"","sfsi_plus_gutenberg_icon_alignemt":"","sfsi_plus_gutenburg_max_per_row":"","footnotes":""},"categories":[2],"tags":[],"class_list":["post-77223","post","type-post","status-publish","format-standard","has-post-thumbnail","hentry","category-geral"],"_links":{"self":[{"href":"https:\/\/www.caririemacao.com\/1\/wp-json\/wp\/v2\/posts\/77223","targetHints":{"allow":["GET"]}}],"collection":[{"href":"https:\/\/www.caririemacao.com\/1\/wp-json\/wp\/v2\/posts"}],"about":[{"href":"https:\/\/www.caririemacao.com\/1\/wp-json\/wp\/v2\/types\/post"}],"author":[{"embeddable":true,"href":"https:\/\/www.caririemacao.com\/1\/wp-json\/wp\/v2\/users\/1"}],"replies":[{"embeddable":true,"href":"https:\/\/www.caririemacao.com\/1\/wp-json\/wp\/v2\/comments?post=77223"}],"version-history":[{"count":1,"href":"https:\/\/www.caririemacao.com\/1\/wp-json\/wp\/v2\/posts\/77223\/revisions"}],"predecessor-version":[{"id":77226,"href":"https:\/\/www.caririemacao.com\/1\/wp-json\/wp\/v2\/posts\/77223\/revisions\/77226"}],"wp:featuredmedia":[{"embeddable":true,"href":"https:\/\/www.caririemacao.com\/1\/wp-json\/wp\/v2\/media\/44138"}],"wp:attachment":[{"href":"https:\/\/www.caririemacao.com\/1\/wp-json\/wp\/v2\/media?parent=77223"}],"wp:term":[{"taxonomy":"category","embeddable":true,"href":"https:\/\/www.caririemacao.com\/1\/wp-json\/wp\/v2\/categories?post=77223"},{"taxonomy":"post_tag","embeddable":true,"href":"https:\/\/www.caririemacao.com\/1\/wp-json\/wp\/v2\/tags?post=77223"}],"curies":[{"name":"wp","href":"https:\/\/api.w.org\/{rel}","templated":true}]}}