{"id":77230,"date":"2018-12-18T11:33:48","date_gmt":"2018-12-18T14:33:48","guid":{"rendered":"http:\/\/www.caririemacao.com\/1\/?p=77230"},"modified":"2018-12-18T11:33:48","modified_gmt":"2018-12-18T14:33:48","slug":"municipio-da-prata-fecha-o-ano-com-mais-de-60-mil-reais-em-subsidio-ao-produtor-de-leite-cabra","status":"publish","type":"post","link":"https:\/\/www.caririemacao.com\/1\/2018\/12\/18\/municipio-da-prata-fecha-o-ano-com-mais-de-60-mil-reais-em-subsidio-ao-produtor-de-leite-cabra\/","title":{"rendered":"MUNIC\u00cdPIO DA PRATA FECHA O ANO COM MAIS DE 60 MIL REAIS EM SUBS\u00cdDIO AO PRODUTOR DE LEITE CABRA"},"content":{"rendered":"<p>Sendo o \u00fanico munic\u00edpio do Brasil, que temos conhecimento o prefeito Junior N\u00f3brega transformou em lei o incentivo de 0,10 centavos por litro de leite de cabra produzido no munic\u00edpio.<\/p>\n<p>O intuito do programa \u00e9 incrementar um adicional aos produtores de\u00a0\u00a0leite de cabra, isso vem fazendo uma verdadeira revolu\u00e7\u00e3o na produ\u00e7\u00e3o de leite, despertando\u00a0\u00a0\u00a0assim outras autoridades como tamb\u00e9m dizer ao homem do campo que o munic\u00edpio esta junto dele, apoiando n\u00e3o s\u00f3 com este incentivo, mas com outras atitudes que o munic\u00edpio\u00a0\u00a0disp\u00f5e para gerar emprego e renda.<\/p>\n<p>Neste ano de 2018, a prefeitura da Prata fechou com mais de 60 mil reais distribu\u00eddos proporcionalmente aos produtores do munic\u00edpio.<\/p>\n<p>\u00c9 muito importante este dinheiro extra, disse o\u00a0\u00a0produtor Jaime,\u00a0\u00a0pois nos ajuda na manuten\u00e7\u00e3o dos animais, como tamb\u00e9m a investir no rebanho.<\/p>\n<p>O prefeito Junior N\u00f3brega, disse que desde que assumiu a\u00a0\u00a0gest\u00e3o deste munic\u00edpio a 06 anos, alem de outras ajudas que faz aos produtores de leite, este era um grande desejo seu em dar este subs\u00eddio.<\/p>\n<p>\u201cMe sinto extremamente feliz em ser o \u00fanico munic\u00edpio no Brasil a fazer esta a\u00e7\u00e3o e honrar os meus compromissos com o nosso produtor\u201d, disse o\u00a0\u00a0prefeito.<\/p>\n<p><strong>PORTALCARIRIPB<\/strong><\/p>\n","protected":false},"excerpt":{"rendered":"<p>Sendo o \u00fanico munic\u00edpio do Brasil, que temos conhecimento o prefeito Junior N\u00f3brega transformou em lei o incentivo de 0,10 centavos por litro de leite&hellip; <\/p>\n","protected":false},"author":1,"featured_media":77231,"comment_status":"closed","ping_status":"closed","sticky":false,"template":"","format":"standard","meta":{"sfsi_plus_gutenberg_text_before_share":"","sfsi_plus_gutenberg_show_text_before_share":"","sfsi_plus_gutenberg_icon_type":"","sfsi_plus_gutenberg_icon_alignemt":"","sfsi_plus_gutenburg_max_per_row":"","footnotes":""},"categories":[6,50],"tags":[],"class_list":["post-77230","post","type-post","status-publish","format-standard","has-post-thumbnail","hentry","category-cidades","category-destaque"],"_links":{"self":[{"href":"https:\/\/www.caririemacao.com\/1\/wp-json\/wp\/v2\/posts\/77230","targetHints":{"allow":["GET"]}}],"collection":[{"href":"https:\/\/www.caririemacao.com\/1\/wp-json\/wp\/v2\/posts"}],"about":[{"href":"https:\/\/www.caririemacao.com\/1\/wp-json\/wp\/v2\/types\/post"}],"author":[{"embeddable":true,"href":"https:\/\/www.caririemacao.com\/1\/wp-json\/wp\/v2\/users\/1"}],"replies":[{"embeddable":true,"href":"https:\/\/www.caririemacao.com\/1\/wp-json\/wp\/v2\/comments?post=77230"}],"version-history":[{"count":1,"href":"https:\/\/www.caririemacao.com\/1\/wp-json\/wp\/v2\/posts\/77230\/revisions"}],"predecessor-version":[{"id":77232,"href":"https:\/\/www.caririemacao.com\/1\/wp-json\/wp\/v2\/posts\/77230\/revisions\/77232"}],"wp:featuredmedia":[{"embeddable":true,"href":"https:\/\/www.caririemacao.com\/1\/wp-json\/wp\/v2\/media\/77231"}],"wp:attachment":[{"href":"https:\/\/www.caririemacao.com\/1\/wp-json\/wp\/v2\/media?parent=77230"}],"wp:term":[{"taxonomy":"category","embeddable":true,"href":"https:\/\/www.caririemacao.com\/1\/wp-json\/wp\/v2\/categories?post=77230"},{"taxonomy":"post_tag","embeddable":true,"href":"https:\/\/www.caririemacao.com\/1\/wp-json\/wp\/v2\/tags?post=77230"}],"curies":[{"name":"wp","href":"https:\/\/api.w.org\/{rel}","templated":true}]}}