{"id":77236,"date":"2018-12-18T12:24:18","date_gmt":"2018-12-18T15:24:18","guid":{"rendered":"http:\/\/www.caririemacao.com\/1\/?p=77236"},"modified":"2018-12-18T12:24:18","modified_gmt":"2018-12-18T15:24:18","slug":"prf-apreende-cerca-de-110-kg-de-maconha-em-carro-abandonado-em-queimadas","status":"publish","type":"post","link":"https:\/\/www.caririemacao.com\/1\/2018\/12\/18\/prf-apreende-cerca-de-110-kg-de-maconha-em-carro-abandonado-em-queimadas\/","title":{"rendered":"PRF apreende cerca de 110 kg de maconha em carro abandonado em Queimadas"},"content":{"rendered":"<p>A Pol\u00edcia Rodovi\u00e1ria Federal na Para\u00edba apreendeu na tarde desta segunda-feira (17) cerca de 110kg de maconha no munic\u00edpio de Queimadas em um carro abandonado.<\/p>\n<p>Durante fiscaliza\u00e7\u00e3o de rotina na BR-104, km 140, equipe da PRF da Unidade Operacional de Queimadas, situada no Cariri paraibano, deu ordem de parada a um ve\u00edculo Fiat\/Strada Adventure CD, de cor verde. O motorista n\u00e3o respeitou a ordem de parada, aumentando a velocidade e colocando o carro para cima dos policiais, colidindo com alguns cones e iniciando fuga.<\/p>\n<p>A equipe da PRF saiu em dilig\u00eancias para localizar o ve\u00edculo e o condutor. O ve\u00edculo foi encontrado abandonado. De acordo com as informa\u00e7\u00f5es da comunidade local, o condutor havia fugido a p\u00e9 por uma rua paralela a BR. As dilig\u00eancias para localizar o condutor do ve\u00edculo contaram com o apoio da Pol\u00edcia Militar, mas n\u00e3o foi poss\u00edvel localiz\u00e1-lo.<\/p>\n<p>No ve\u00edculo foram encontrados 110 Kg de subst\u00e2ncia com odor e apar\u00eancia de maconha e uma Carteira Nacional de Habilita\u00e7\u00e3o com ind\u00edcios de falsifica\u00e7\u00e3o ideol\u00f3gica.<\/p>\n<p>Em verifica\u00e7\u00e3o detalhada do ve\u00edculo, foi observado que havia elementos (chassi e motor) adulterados. Foi identificado que o ve\u00edculo constava com registro de ocorr\u00eancia de roubo ocorrido em abril do ano passado, em Olinda-PE.<\/p>\n<p>O ve\u00edculo e a droga foram levadas para a Pol\u00edcia Federal em Campina Grande.<\/p>\n","protected":false},"excerpt":{"rendered":"<p>A Pol\u00edcia Rodovi\u00e1ria Federal na Para\u00edba apreendeu na tarde desta segunda-feira (17) cerca de 110kg de maconha no munic\u00edpio de Queimadas em um carro abandonado.&hellip; <\/p>\n","protected":false},"author":1,"featured_media":6179,"comment_status":"closed","ping_status":"closed","sticky":false,"template":"","format":"standard","meta":{"sfsi_plus_gutenberg_text_before_share":"","sfsi_plus_gutenberg_show_text_before_share":"","sfsi_plus_gutenberg_icon_type":"","sfsi_plus_gutenberg_icon_alignemt":"","sfsi_plus_gutenburg_max_per_row":"","footnotes":""},"categories":[12],"tags":[],"class_list":["post-77236","post","type-post","status-publish","format-standard","has-post-thumbnail","hentry","category-policia"],"_links":{"self":[{"href":"https:\/\/www.caririemacao.com\/1\/wp-json\/wp\/v2\/posts\/77236","targetHints":{"allow":["GET"]}}],"collection":[{"href":"https:\/\/www.caririemacao.com\/1\/wp-json\/wp\/v2\/posts"}],"about":[{"href":"https:\/\/www.caririemacao.com\/1\/wp-json\/wp\/v2\/types\/post"}],"author":[{"embeddable":true,"href":"https:\/\/www.caririemacao.com\/1\/wp-json\/wp\/v2\/users\/1"}],"replies":[{"embeddable":true,"href":"https:\/\/www.caririemacao.com\/1\/wp-json\/wp\/v2\/comments?post=77236"}],"version-history":[{"count":1,"href":"https:\/\/www.caririemacao.com\/1\/wp-json\/wp\/v2\/posts\/77236\/revisions"}],"predecessor-version":[{"id":77237,"href":"https:\/\/www.caririemacao.com\/1\/wp-json\/wp\/v2\/posts\/77236\/revisions\/77237"}],"wp:featuredmedia":[{"embeddable":true,"href":"https:\/\/www.caririemacao.com\/1\/wp-json\/wp\/v2\/media\/6179"}],"wp:attachment":[{"href":"https:\/\/www.caririemacao.com\/1\/wp-json\/wp\/v2\/media?parent=77236"}],"wp:term":[{"taxonomy":"category","embeddable":true,"href":"https:\/\/www.caririemacao.com\/1\/wp-json\/wp\/v2\/categories?post=77236"},{"taxonomy":"post_tag","embeddable":true,"href":"https:\/\/www.caririemacao.com\/1\/wp-json\/wp\/v2\/tags?post=77236"}],"curies":[{"name":"wp","href":"https:\/\/api.w.org\/{rel}","templated":true}]}}