{"id":77238,"date":"2018-12-18T13:16:50","date_gmt":"2018-12-18T16:16:50","guid":{"rendered":"http:\/\/www.caririemacao.com\/1\/?p=77238"},"modified":"2018-12-18T13:16:50","modified_gmt":"2018-12-18T16:16:50","slug":"oticas-nossa-senhora-das-dores-recebe-premio-referencia-2018-em-monteiro","status":"publish","type":"post","link":"https:\/\/www.caririemacao.com\/1\/2018\/12\/18\/oticas-nossa-senhora-das-dores-recebe-premio-referencia-2018-em-monteiro\/","title":{"rendered":"\u00d3ticas Nossa Senhora das Dores Recebe pr\u00eamio refer\u00eancia 2018 em Monteiro"},"content":{"rendered":"<p>As \u00d3ticas Nossa Senhora das Dores dos munic\u00edpios de Monteiro e Sum\u00e9 ganharam o pr\u00eamio refer\u00eancia 2018, como empresa destaque no cariri, um reconhecimento pelo excelente servi\u00e7o prestado pela empresa em todo cariri.<\/p>\n<p>O empres\u00e1rio Jeferson Oliveira dono das \u00d3ticas Nossa Senhora das Dores, disse que os pr\u00eamios s\u00e3o o reconhecimento de um servi\u00e7o feito com muito amor e dedica\u00e7\u00e3o para melhor servir aos clientes da regi\u00e3o.<\/p>\n<p>\u201cAgradecemos aos consumidores por este pr\u00eamio que reconhece as \u00d3ticas Nossa Senhora das Dores por sua qualidade no atendimento al\u00e9m de oferecer itens de grandes marcas com pre\u00e7os e condi\u00e7\u00f5es acess\u00edveis\u201d.<\/p>\n<p>A entrega da premia\u00e7\u00e3o aconteceu no \u00faltimo s\u00e1bado dia 15 de dezembro no Clube Municipal em Monteiro.<\/p>\n<p>&nbsp;<\/p>\n","protected":false},"excerpt":{"rendered":"<p>As \u00d3ticas Nossa Senhora das Dores dos munic\u00edpios de Monteiro e Sum\u00e9 ganharam o pr\u00eamio refer\u00eancia 2018, como empresa destaque no cariri, um reconhecimento pelo&hellip; <\/p>\n","protected":false},"author":1,"featured_media":77249,"comment_status":"closed","ping_status":"closed","sticky":false,"template":"","format":"standard","meta":{"sfsi_plus_gutenberg_text_before_share":"","sfsi_plus_gutenberg_show_text_before_share":"","sfsi_plus_gutenberg_icon_type":"","sfsi_plus_gutenberg_icon_alignemt":"","sfsi_plus_gutenburg_max_per_row":"","footnotes":""},"categories":[2],"tags":[],"class_list":["post-77238","post","type-post","status-publish","format-standard","has-post-thumbnail","hentry","category-geral"],"_links":{"self":[{"href":"https:\/\/www.caririemacao.com\/1\/wp-json\/wp\/v2\/posts\/77238","targetHints":{"allow":["GET"]}}],"collection":[{"href":"https:\/\/www.caririemacao.com\/1\/wp-json\/wp\/v2\/posts"}],"about":[{"href":"https:\/\/www.caririemacao.com\/1\/wp-json\/wp\/v2\/types\/post"}],"author":[{"embeddable":true,"href":"https:\/\/www.caririemacao.com\/1\/wp-json\/wp\/v2\/users\/1"}],"replies":[{"embeddable":true,"href":"https:\/\/www.caririemacao.com\/1\/wp-json\/wp\/v2\/comments?post=77238"}],"version-history":[{"count":1,"href":"https:\/\/www.caririemacao.com\/1\/wp-json\/wp\/v2\/posts\/77238\/revisions"}],"predecessor-version":[{"id":77250,"href":"https:\/\/www.caririemacao.com\/1\/wp-json\/wp\/v2\/posts\/77238\/revisions\/77250"}],"wp:featuredmedia":[{"embeddable":true,"href":"https:\/\/www.caririemacao.com\/1\/wp-json\/wp\/v2\/media\/77249"}],"wp:attachment":[{"href":"https:\/\/www.caririemacao.com\/1\/wp-json\/wp\/v2\/media?parent=77238"}],"wp:term":[{"taxonomy":"category","embeddable":true,"href":"https:\/\/www.caririemacao.com\/1\/wp-json\/wp\/v2\/categories?post=77238"},{"taxonomy":"post_tag","embeddable":true,"href":"https:\/\/www.caririemacao.com\/1\/wp-json\/wp\/v2\/tags?post=77238"}],"curies":[{"name":"wp","href":"https:\/\/api.w.org\/{rel}","templated":true}]}}