{"id":77255,"date":"2018-12-18T17:36:06","date_gmt":"2018-12-18T20:36:06","guid":{"rendered":"http:\/\/www.caririemacao.com\/1\/?p=77255"},"modified":"2018-12-18T17:36:06","modified_gmt":"2018-12-18T20:36:06","slug":"ufcg-oferece-mais-de-3-mil-vagas-no-sisu-2019-1","status":"publish","type":"post","link":"https:\/\/www.caririemacao.com\/1\/2018\/12\/18\/ufcg-oferece-mais-de-3-mil-vagas-no-sisu-2019-1\/","title":{"rendered":"UFCG oferece mais de 3 mil vagas no SiSU 2019.1"},"content":{"rendered":"<p>Os interessados em participar do Sistema de Sele\u00e7\u00e3o Unificada (SiSU 2019.1) j\u00e1 podem consultar as vagas ofertadas em todo o pa\u00eds.<\/p>\n<p>Na Universidade Federal de Campina Grande (UFCG), ser\u00e3o oferecidas 3.160 vagas, sendo 1.568 vagas livres e 1.592 vagas reservadas, distribu\u00eddas entre os cursos de gradua\u00e7\u00e3o dos campi de Campina Grande, Cajazeiras, Cuit\u00e9, Sousa, Patos, Pombal e Sum\u00e9.<\/p>\n<p>Confira aqui a <a href=\"http:\/\/sisu.mec.gov.br\/\"><strong>p\u00e1gina do Sisu.<\/strong> <\/a><\/p>\n<p>As inscri\u00e7\u00f5es ser\u00e3o realizadas de 22 a 25 de janeiro, exclusivamente, pela internet atrav\u00e9s do site do Sisu. Os candidatos poder\u00e3o escolher at\u00e9 duas op\u00e7\u00f5es de cursos.<\/p>\n<p>Podem participar do processo, os estudantes que realizaram o Exame Nacional do Ensino M\u00e9dio (ENEM 2018) e que obtiveram nota acima de zero na prova de reda\u00e7\u00e3o.<\/p>\n<p>A primeira chamada, com os nomes dos candidatos classificados, ser\u00e1 divulgada no dia 28 de janeiro. O cadastramento acontece na UFCG nos dias 30 e 31 de janeiro e 1 e 04 de fevereiro na coordena\u00e7\u00e3o do curso para o qual o candidato foi classificado.<\/p>\n<p>Os candidatos n\u00e3o classificados na primeira chamada e que desejam participar da lista de espera devem manifestar o interesse no site do Sisu no per\u00edodo de 28 de janeiro a 04 de fevereiro.<\/p>\n<p>As convoca\u00e7\u00f5es dos candidatos em lista de espera, na UFCG, come\u00e7am dia 07 de fevereiro. Est\u00e3o previstas cinco chamadas.<\/p>\n<p>Para mais detalhes e informa\u00e7\u00f5es, acesse:<\/p>\n<p><strong>\u00a0<u><\/u><u><\/u><a href=\"http:\/\/www.comprov.ufcg.edu.br\/files\/Vestibulares\/2019\/2019.1\/legislacao\/Edital%20PRE%20N%C2%BA%2065_%20SiSU%202019.1.pdf\" target=\"_blank\" rel=\"noopener\" data-saferedirecturl=\"https:\/\/www.google.com\/url?q=http:\/\/www.comprov.ufcg.edu.br\/files\/Vestibulares\/2019\/2019.1\/legislacao\/Edital%2520PRE%2520N%25C2%25BA%252065_%2520SiSU%25202019.1.pdf&amp;source=gmail&amp;ust=1545248359556000&amp;usg=AFQjCNGfVJsV5MzHFn8nJ_HRuIJqLG7-Eg\">Edital Sisu\/UFCG 2019.1<\/a><u><\/u><u><\/u><\/strong><\/p>\n<p><strong><a href=\"http:\/\/www.comprov.ufcg.edu.br\/files\/Vestibulares\/2019\/2019.1\/legislacao\/RESOLU%C3%87%C3%83O%20N%C2%BA%2014.2018%20-%20SISU%202019.1%20(Alterada%20em%2027%20de%20Novembro%20de%202018).pdf\" target=\"_blank\" rel=\"noopener\" data-saferedirecturl=\"https:\/\/www.google.com\/url?q=http:\/\/www.comprov.ufcg.edu.br\/files\/Vestibulares\/2019\/2019.1\/legislacao\/RESOLU%25C3%2587%25C3%2583O%2520N%25C2%25BA%252014.2018%2520-%2520SISU%25202019.1%2520(Alterada%2520em%252027%2520de%2520Novembro%2520de%25202018).pdf&amp;source=gmail&amp;ust=1545248359556000&amp;usg=AFQjCNFUaA-I0y8NHscOoWS1cRQtJsfRrA\">Resolu\u00e7\u00e3o N\u00ba 14\/2018 (com n\u00famero de vagas na UFCG)<\/a><\/strong><\/p>\n","protected":false},"excerpt":{"rendered":"<p>Os interessados em participar do Sistema de Sele\u00e7\u00e3o Unificada (SiSU 2019.1) j\u00e1 podem consultar as vagas ofertadas em todo o pa\u00eds. Na Universidade Federal de&hellip; <\/p>\n","protected":false},"author":1,"featured_media":45404,"comment_status":"closed","ping_status":"closed","sticky":false,"template":"","format":"standard","meta":{"sfsi_plus_gutenberg_text_before_share":"","sfsi_plus_gutenberg_show_text_before_share":"","sfsi_plus_gutenberg_icon_type":"","sfsi_plus_gutenberg_icon_alignemt":"","sfsi_plus_gutenburg_max_per_row":"","footnotes":""},"categories":[14],"tags":[],"class_list":["post-77255","post","type-post","status-publish","format-standard","has-post-thumbnail","hentry","category-educacao"],"_links":{"self":[{"href":"https:\/\/www.caririemacao.com\/1\/wp-json\/wp\/v2\/posts\/77255","targetHints":{"allow":["GET"]}}],"collection":[{"href":"https:\/\/www.caririemacao.com\/1\/wp-json\/wp\/v2\/posts"}],"about":[{"href":"https:\/\/www.caririemacao.com\/1\/wp-json\/wp\/v2\/types\/post"}],"author":[{"embeddable":true,"href":"https:\/\/www.caririemacao.com\/1\/wp-json\/wp\/v2\/users\/1"}],"replies":[{"embeddable":true,"href":"https:\/\/www.caririemacao.com\/1\/wp-json\/wp\/v2\/comments?post=77255"}],"version-history":[{"count":1,"href":"https:\/\/www.caririemacao.com\/1\/wp-json\/wp\/v2\/posts\/77255\/revisions"}],"predecessor-version":[{"id":77256,"href":"https:\/\/www.caririemacao.com\/1\/wp-json\/wp\/v2\/posts\/77255\/revisions\/77256"}],"wp:featuredmedia":[{"embeddable":true,"href":"https:\/\/www.caririemacao.com\/1\/wp-json\/wp\/v2\/media\/45404"}],"wp:attachment":[{"href":"https:\/\/www.caririemacao.com\/1\/wp-json\/wp\/v2\/media?parent=77255"}],"wp:term":[{"taxonomy":"category","embeddable":true,"href":"https:\/\/www.caririemacao.com\/1\/wp-json\/wp\/v2\/categories?post=77255"},{"taxonomy":"post_tag","embeddable":true,"href":"https:\/\/www.caririemacao.com\/1\/wp-json\/wp\/v2\/tags?post=77255"}],"curies":[{"name":"wp","href":"https:\/\/api.w.org\/{rel}","templated":true}]}}