{"id":77263,"date":"2018-12-18T17:45:18","date_gmt":"2018-12-18T20:45:18","guid":{"rendered":"http:\/\/www.caririemacao.com\/1\/?p=77263"},"modified":"2018-12-18T17:45:18","modified_gmt":"2018-12-18T20:45:18","slug":"diretoria-do-treze-define-local-para-amistoso-contra-o-nautico","status":"publish","type":"post","link":"https:\/\/www.caririemacao.com\/1\/2018\/12\/18\/diretoria-do-treze-define-local-para-amistoso-contra-o-nautico\/","title":{"rendered":"Diretoria do Treze define local para amistoso contra o N\u00e1utico"},"content":{"rendered":"<p><!------------------->\u00a0\u00a0\u00a0\u00a0\u00a0\u00a0\u00a0<!--banner-editoria-->\u00a0\u00a0\u00a0\u00a0\u00a0\u00a0\u00a0<!------------------->\u00a0\u00a0\u00a0\u00a0\u00a0\u00a0\u00a0\u00a0\u00a0\u00a0\u00a0\u00a0\u00a0<!------------------->\u00a0\u00a0\u00a0\u00a0\u00a0\u00a0\u00a0<!-------fim--------->\u00a0\u00a0\u00a0\u00a0\u00a0\u00a0\u00a0<!------------------->\u00a0\u00a0\u00a0\u00a0\u00a0\u00a0\u00a0\u00a0\u00a0\u00a0\u00a0\u00a0<!--conte\u00fado--><\/p>\n<div class=\"content\">\n<p>O presidente Walter Cavalcanti J\u00fanior e um dos diretores de Infraestrutura do Treze, Warlen Andrade Andr\u00e9,\u00a0 confirmaram na manh\u00e3 desta ter\u00e7a-feira (18) que o amistoso contra o N\u00e1utico vai acontecer no est\u00e1dio Presidente Vargas, que teve seu gramado reformado nas \u00faltimas semanas.<\/p>\n<div id=\"attachment_546412\" class=\"wp-caption alignnone\"><img decoding=\"async\" class=\"wp-image-546412 size-medium lazyload\" data-src=\"https:\/\/paraibaonline.com.br\/wp-content\/uploads\/2018\/12\/PV-567x320.jpg\" data-srcset=\"https:\/\/paraibaonline.com.br\/wp-content\/uploads\/2018\/12\/PV-567x320.jpg 567w, https:\/\/paraibaonline.com.br\/wp-content\/uploads\/2018\/12\/PV.jpg 800w\" alt=\"\" src=\"data:image\/svg+xml;base64,PHN2ZyB3aWR0aD0iMSIgaGVpZ2h0PSIxIiB4bWxucz0iaHR0cDovL3d3dy53My5vcmcvMjAwMC9zdmciPjwvc3ZnPg==\" style=\"--smush-placeholder-width: 567px; --smush-placeholder-aspect-ratio: 567\/320;\" \/><\/p>\n<p class=\"wp-caption-text\">Foto: Ascom \/ Treze<\/p>\n<\/div>\n<p>A partida est\u00e1 marcada para as 16h do pr\u00f3ximo s\u00e1bado (22).<\/p>\n<p>Antes do Timbu, o Galo encara o Campinense nesta quarta-feira (19), \u00e0s 20h30, no Cl\u00e1ssico dos Maiorais que vai marcar a inaugura\u00e7\u00e3o do novo gramado do est\u00e1dio Amig\u00e3o.<\/p>\n<\/div>\n<p>&nbsp;<\/p>\n<p>Ascom\/Treze<\/p>\n","protected":false},"excerpt":{"rendered":"<p>\u00a0\u00a0\u00a0\u00a0\u00a0\u00a0\u00a0\u00a0\u00a0\u00a0\u00a0\u00a0\u00a0\u00a0\u00a0\u00a0\u00a0\u00a0\u00a0\u00a0\u00a0\u00a0\u00a0\u00a0\u00a0\u00a0\u00a0\u00a0\u00a0\u00a0\u00a0\u00a0\u00a0\u00a0\u00a0\u00a0\u00a0\u00a0\u00a0\u00a0\u00a0\u00a0\u00a0\u00a0\u00a0\u00a0\u00a0\u00a0\u00a0\u00a0\u00a0\u00a0\u00a0 O presidente Walter Cavalcanti J\u00fanior e um dos diretores de Infraestrutura do Treze, Warlen Andrade Andr\u00e9,\u00a0 confirmaram na manh\u00e3 desta ter\u00e7a-feira (18) que o&hellip; <\/p>\n","protected":false},"author":1,"featured_media":77264,"comment_status":"closed","ping_status":"closed","sticky":false,"template":"","format":"standard","meta":{"sfsi_plus_gutenberg_text_before_share":"","sfsi_plus_gutenberg_show_text_before_share":"","sfsi_plus_gutenberg_icon_type":"","sfsi_plus_gutenberg_icon_alignemt":"","sfsi_plus_gutenburg_max_per_row":"","footnotes":""},"categories":[13],"tags":[],"class_list":["post-77263","post","type-post","status-publish","format-standard","has-post-thumbnail","hentry","category-esportes"],"_links":{"self":[{"href":"https:\/\/www.caririemacao.com\/1\/wp-json\/wp\/v2\/posts\/77263","targetHints":{"allow":["GET"]}}],"collection":[{"href":"https:\/\/www.caririemacao.com\/1\/wp-json\/wp\/v2\/posts"}],"about":[{"href":"https:\/\/www.caririemacao.com\/1\/wp-json\/wp\/v2\/types\/post"}],"author":[{"embeddable":true,"href":"https:\/\/www.caririemacao.com\/1\/wp-json\/wp\/v2\/users\/1"}],"replies":[{"embeddable":true,"href":"https:\/\/www.caririemacao.com\/1\/wp-json\/wp\/v2\/comments?post=77263"}],"version-history":[{"count":1,"href":"https:\/\/www.caririemacao.com\/1\/wp-json\/wp\/v2\/posts\/77263\/revisions"}],"predecessor-version":[{"id":77265,"href":"https:\/\/www.caririemacao.com\/1\/wp-json\/wp\/v2\/posts\/77263\/revisions\/77265"}],"wp:featuredmedia":[{"embeddable":true,"href":"https:\/\/www.caririemacao.com\/1\/wp-json\/wp\/v2\/media\/77264"}],"wp:attachment":[{"href":"https:\/\/www.caririemacao.com\/1\/wp-json\/wp\/v2\/media?parent=77263"}],"wp:term":[{"taxonomy":"category","embeddable":true,"href":"https:\/\/www.caririemacao.com\/1\/wp-json\/wp\/v2\/categories?post=77263"},{"taxonomy":"post_tag","embeddable":true,"href":"https:\/\/www.caririemacao.com\/1\/wp-json\/wp\/v2\/tags?post=77263"}],"curies":[{"name":"wp","href":"https:\/\/api.w.org\/{rel}","templated":true}]}}