{"id":77266,"date":"2018-12-18T17:56:34","date_gmt":"2018-12-18T20:56:34","guid":{"rendered":"http:\/\/www.caririemacao.com\/1\/?p=77266"},"modified":"2018-12-18T17:56:34","modified_gmt":"2018-12-18T20:56:34","slug":"guedes-e-governadores-discutirao-reforma-da-previdencia-em-janeiro","status":"publish","type":"post","link":"https:\/\/www.caririemacao.com\/1\/2018\/12\/18\/guedes-e-governadores-discutirao-reforma-da-previdencia-em-janeiro\/","title":{"rendered":"Guedes e governadores discutir\u00e3o reforma da Previd\u00eancia em janeiro"},"content":{"rendered":"<p>O futuro ministro da Economia, Paulo Guedes, se reunir\u00e1 com governadores, em janeiro, para discutir reforma da Previd\u00eancia. A afirma\u00e7\u00e3o \u00e9 do secret\u00e1rio do Tesouro Nacional, Mansueto Almeida, que permanecer\u00e1 no cargo no pr\u00f3ximo governo.<\/p>\n<p>Segundo o secret\u00e1rio, \u00e9 muito importante os governadores defenderem a reforma da Previd\u00eancia. \u201cDois ter\u00e7os dos inativos dos estados s\u00e3o de regimes especiais, com aposentadorias de servidores com 49 anos de idade, em m\u00e9dia. Ent\u00e3o os novos governadores j\u00e1 est\u00e3o muito interessados em colocar o tema de previd\u00eancia no debate\u201d, disse o secret\u00e1rio, que tamb\u00e9m estar\u00e1 presente no encontro com os governadores, al\u00e9m do secret\u00e1rio especial da Previd\u00eancia, Rog\u00e9rio Marinho.<\/p>\n<p>O secret\u00e1rio acrescentou que um grupo de governadores est\u00e1 se mobilizando para defender a necessidade da reforma da Previd\u00eancia em um <em>f\u00f3rum<\/em> que ser\u00e1 realizado em fevereiro do pr\u00f3ximo ano.<\/p>\n<p>Almeida acrescentou que a reforma da Previd\u00eancia tem sido muito debatida no pa\u00eds e as diversas propostas est\u00e3o convergindo para altera\u00e7\u00e3o na idade m\u00ednima, defini\u00e7\u00e3o de per\u00edodo de transi\u00e7\u00e3o e regras igualit\u00e1rias entre o setor privado e o p\u00fablico.<\/p>\n<p>&nbsp;<\/p>\n<p>&nbsp;<\/p>\n<p>EBC<\/p>\n","protected":false},"excerpt":{"rendered":"<p>O futuro ministro da Economia, Paulo Guedes, se reunir\u00e1 com governadores, em janeiro, para discutir reforma da Previd\u00eancia. A afirma\u00e7\u00e3o \u00e9 do secret\u00e1rio do Tesouro&hellip; <\/p>\n","protected":false},"author":1,"featured_media":65421,"comment_status":"closed","ping_status":"closed","sticky":false,"template":"","format":"standard","meta":{"sfsi_plus_gutenberg_text_before_share":"","sfsi_plus_gutenberg_show_text_before_share":"","sfsi_plus_gutenberg_icon_type":"","sfsi_plus_gutenberg_icon_alignemt":"","sfsi_plus_gutenburg_max_per_row":"","footnotes":""},"categories":[11],"tags":[],"class_list":["post-77266","post","type-post","status-publish","format-standard","has-post-thumbnail","hentry","category-politica"],"_links":{"self":[{"href":"https:\/\/www.caririemacao.com\/1\/wp-json\/wp\/v2\/posts\/77266","targetHints":{"allow":["GET"]}}],"collection":[{"href":"https:\/\/www.caririemacao.com\/1\/wp-json\/wp\/v2\/posts"}],"about":[{"href":"https:\/\/www.caririemacao.com\/1\/wp-json\/wp\/v2\/types\/post"}],"author":[{"embeddable":true,"href":"https:\/\/www.caririemacao.com\/1\/wp-json\/wp\/v2\/users\/1"}],"replies":[{"embeddable":true,"href":"https:\/\/www.caririemacao.com\/1\/wp-json\/wp\/v2\/comments?post=77266"}],"version-history":[{"count":1,"href":"https:\/\/www.caririemacao.com\/1\/wp-json\/wp\/v2\/posts\/77266\/revisions"}],"predecessor-version":[{"id":77267,"href":"https:\/\/www.caririemacao.com\/1\/wp-json\/wp\/v2\/posts\/77266\/revisions\/77267"}],"wp:featuredmedia":[{"embeddable":true,"href":"https:\/\/www.caririemacao.com\/1\/wp-json\/wp\/v2\/media\/65421"}],"wp:attachment":[{"href":"https:\/\/www.caririemacao.com\/1\/wp-json\/wp\/v2\/media?parent=77266"}],"wp:term":[{"taxonomy":"category","embeddable":true,"href":"https:\/\/www.caririemacao.com\/1\/wp-json\/wp\/v2\/categories?post=77266"},{"taxonomy":"post_tag","embeddable":true,"href":"https:\/\/www.caririemacao.com\/1\/wp-json\/wp\/v2\/tags?post=77266"}],"curies":[{"name":"wp","href":"https:\/\/api.w.org\/{rel}","templated":true}]}}