{"id":77270,"date":"2018-12-18T18:05:51","date_gmt":"2018-12-18T21:05:51","guid":{"rendered":"http:\/\/www.caririemacao.com\/1\/?p=77270"},"modified":"2018-12-18T18:05:51","modified_gmt":"2018-12-18T21:05:51","slug":"projeto-verao-nutricionista-alerta-para-cuidados-com-alimentacao-no-periodo-mais-quente-do-ano","status":"publish","type":"post","link":"https:\/\/www.caririemacao.com\/1\/2018\/12\/18\/projeto-verao-nutricionista-alerta-para-cuidados-com-alimentacao-no-periodo-mais-quente-do-ano\/","title":{"rendered":"PROJETO VER\u00c3O: Nutricionista alerta para cuidados com alimenta\u00e7\u00e3o no per\u00edodo mais quente do ano"},"content":{"rendered":"<p>O ver\u00e3o come\u00e7a oficialmente, no dia 21 de dezembro. A esta\u00e7\u00e3o mais quente do ano aliada ao per\u00edodo de f\u00e9rias faz com que as pessoas permane\u00e7am menos em casa. Nesta hora \u00e9 importante tomar com os alimentos que s\u00e3o consumidos na rua. Al\u00e9m da alimenta\u00e7\u00e3o, \u00e9 imprescind\u00edvel a ingest\u00e3o de l\u00edquidos para manter o corpo hidratado e evitar\u00a0dores de cabe\u00e7a, tonturas e vertigens, que s\u00e3o alguns sintomas da desidrata\u00e7\u00e3o.<\/p>\n<p>A nutricionista Paula Bacalhau deu algumas dicas sobre alimenta\u00e7\u00e3o e conserva\u00e7\u00e3o de alimentos, tudo para voc\u00ea curtir o ver\u00e3o com sa\u00fade e sem epis\u00f3dios desagrad\u00e1veis.<\/p>\n<p>Confira a entrevista completa da nutricionista Paula Bacalhau:<\/p>\n<div class=\"embed-responsive embed-responsive-16by9\"><iframe data-src=\"https:\/\/www.youtube.com\/embed\/ed4Jp0AUFuo?feature=oembed\" width=\"500\" height=\"281\" frameborder=\"0\" allowfullscreen=\"allowfullscreen\" data-mce-fragment=\"1\" src=\"data:image\/svg+xml;base64,PHN2ZyB3aWR0aD0iMSIgaGVpZ2h0PSIxIiB4bWxucz0iaHR0cDovL3d3dy53My5vcmcvMjAwMC9zdmciPjwvc3ZnPg==\" class=\"lazyload\" data-load-mode=\"1\"><\/iframe><\/div>\n<p><br clear=\"all\" \/><br clear=\"all\" \/><\/p>\n<p>Fonte: Pol\u00eamica Para\u00edba<\/p>\n","protected":false},"excerpt":{"rendered":"<p>O ver\u00e3o come\u00e7a oficialmente, no dia 21 de dezembro. A esta\u00e7\u00e3o mais quente do ano aliada ao per\u00edodo de f\u00e9rias faz com que as pessoas&hellip; <\/p>\n","protected":false},"author":1,"featured_media":77272,"comment_status":"closed","ping_status":"closed","sticky":false,"template":"","format":"standard","meta":{"sfsi_plus_gutenberg_text_before_share":"","sfsi_plus_gutenberg_show_text_before_share":"","sfsi_plus_gutenberg_icon_type":"","sfsi_plus_gutenberg_icon_alignemt":"","sfsi_plus_gutenburg_max_per_row":"","footnotes":""},"categories":[16],"tags":[],"class_list":["post-77270","post","type-post","status-publish","format-standard","has-post-thumbnail","hentry","category-saude"],"_links":{"self":[{"href":"https:\/\/www.caririemacao.com\/1\/wp-json\/wp\/v2\/posts\/77270","targetHints":{"allow":["GET"]}}],"collection":[{"href":"https:\/\/www.caririemacao.com\/1\/wp-json\/wp\/v2\/posts"}],"about":[{"href":"https:\/\/www.caririemacao.com\/1\/wp-json\/wp\/v2\/types\/post"}],"author":[{"embeddable":true,"href":"https:\/\/www.caririemacao.com\/1\/wp-json\/wp\/v2\/users\/1"}],"replies":[{"embeddable":true,"href":"https:\/\/www.caririemacao.com\/1\/wp-json\/wp\/v2\/comments?post=77270"}],"version-history":[{"count":1,"href":"https:\/\/www.caririemacao.com\/1\/wp-json\/wp\/v2\/posts\/77270\/revisions"}],"predecessor-version":[{"id":77273,"href":"https:\/\/www.caririemacao.com\/1\/wp-json\/wp\/v2\/posts\/77270\/revisions\/77273"}],"wp:featuredmedia":[{"embeddable":true,"href":"https:\/\/www.caririemacao.com\/1\/wp-json\/wp\/v2\/media\/77272"}],"wp:attachment":[{"href":"https:\/\/www.caririemacao.com\/1\/wp-json\/wp\/v2\/media?parent=77270"}],"wp:term":[{"taxonomy":"category","embeddable":true,"href":"https:\/\/www.caririemacao.com\/1\/wp-json\/wp\/v2\/categories?post=77270"},{"taxonomy":"post_tag","embeddable":true,"href":"https:\/\/www.caririemacao.com\/1\/wp-json\/wp\/v2\/tags?post=77270"}],"curies":[{"name":"wp","href":"https:\/\/api.w.org\/{rel}","templated":true}]}}