{"id":77276,"date":"2018-12-18T18:38:39","date_gmt":"2018-12-18T21:38:39","guid":{"rendered":"http:\/\/www.caririemacao.com\/1\/?p=77276"},"modified":"2018-12-18T19:01:32","modified_gmt":"2018-12-18T22:01:32","slug":"nero-e-eleito-presidente-da-camara-de-caraubas","status":"publish","type":"post","link":"https:\/\/www.caririemacao.com\/1\/2018\/12\/18\/nero-e-eleito-presidente-da-camara-de-caraubas\/","title":{"rendered":"Nero \u00e9 eleito presidente da C\u00e2mara de Cara\u00fabas"},"content":{"rendered":"<p>Depois de um clima tenso durante a sess\u00e3o da C\u00e2mara de Cara\u00fabas, o vereador e aliado do prefeito Silvano Dudu, foi eleito presidente da C\u00e2mara de Cara\u00fabas para o bi\u00eanio 2019\/2020. Nero venceu por 5 a 4 votos.<\/p>\n<p>A chapa apresentada por Nero \u00e9 composta do vice-presidente F\u00e1bio Pereira, secret\u00e1ria Neide e 2\u00ba secret\u00e1rio, Tomaz Aquino.<\/p>\n<p>Ainda foi apresentada uma segunda chapa encabe\u00e7ada por In\u00e1cio de Nass\u00fa, vice-presidente Renivan (atual presidente), 1\u00ba secret\u00e1rio Nerivan e 2\u00ba secret\u00e1rio Bazoca.<\/p>\n<p><img fetchpriority=\"high\" decoding=\"async\" class=\"alignnone wp-image-77287 size-full\" src=\"http:\/\/www.caririemacao.com\/1\/wp-content\/uploads\/2018\/12\/Sem-t\u00edtulo.png\" alt=\"\" width=\"945\" height=\"525\" srcset=\"https:\/\/www.caririemacao.com\/1\/wp-content\/uploads\/2018\/12\/Sem-t\u00edtulo.png 945w, https:\/\/www.caririemacao.com\/1\/wp-content\/uploads\/2018\/12\/Sem-t\u00edtulo-300x167.png 300w, https:\/\/www.caririemacao.com\/1\/wp-content\/uploads\/2018\/12\/Sem-t\u00edtulo-768x427.png 768w, https:\/\/www.caririemacao.com\/1\/wp-content\/uploads\/2018\/12\/Sem-t\u00edtulo-800x445.png 800w\" sizes=\"(max-width: 945px) 100vw, 945px\" \/><\/p>\n<p>\u201cAgrade\u00e7o aos meus colegas vereadores que confiaram em minha proposta e no perfil de vereador comprometido com os interesses do povo caraubense. Agrade\u00e7o ainda ao meu amigo, irm\u00e3o e prefeito Silvano, um homem empenhado em melhorar a vida de cada cidad\u00e3o caraubense\u201d, conclui.<\/p>\n","protected":false},"excerpt":{"rendered":"<p>Depois de um clima tenso durante a sess\u00e3o da C\u00e2mara de Cara\u00fabas, o vereador e aliado do prefeito Silvano Dudu, foi eleito presidente da C\u00e2mara&hellip; <\/p>\n","protected":false},"author":2,"featured_media":77277,"comment_status":"closed","ping_status":"closed","sticky":false,"template":"","format":"standard","meta":{"sfsi_plus_gutenberg_text_before_share":"","sfsi_plus_gutenberg_show_text_before_share":"","sfsi_plus_gutenberg_icon_type":"","sfsi_plus_gutenberg_icon_alignemt":"","sfsi_plus_gutenburg_max_per_row":"","footnotes":""},"categories":[50,11],"tags":[],"class_list":["post-77276","post","type-post","status-publish","format-standard","has-post-thumbnail","hentry","category-destaque","category-politica"],"_links":{"self":[{"href":"https:\/\/www.caririemacao.com\/1\/wp-json\/wp\/v2\/posts\/77276","targetHints":{"allow":["GET"]}}],"collection":[{"href":"https:\/\/www.caririemacao.com\/1\/wp-json\/wp\/v2\/posts"}],"about":[{"href":"https:\/\/www.caririemacao.com\/1\/wp-json\/wp\/v2\/types\/post"}],"author":[{"embeddable":true,"href":"https:\/\/www.caririemacao.com\/1\/wp-json\/wp\/v2\/users\/2"}],"replies":[{"embeddable":true,"href":"https:\/\/www.caririemacao.com\/1\/wp-json\/wp\/v2\/comments?post=77276"}],"version-history":[{"count":4,"href":"https:\/\/www.caririemacao.com\/1\/wp-json\/wp\/v2\/posts\/77276\/revisions"}],"predecessor-version":[{"id":77288,"href":"https:\/\/www.caririemacao.com\/1\/wp-json\/wp\/v2\/posts\/77276\/revisions\/77288"}],"wp:featuredmedia":[{"embeddable":true,"href":"https:\/\/www.caririemacao.com\/1\/wp-json\/wp\/v2\/media\/77277"}],"wp:attachment":[{"href":"https:\/\/www.caririemacao.com\/1\/wp-json\/wp\/v2\/media?parent=77276"}],"wp:term":[{"taxonomy":"category","embeddable":true,"href":"https:\/\/www.caririemacao.com\/1\/wp-json\/wp\/v2\/categories?post=77276"},{"taxonomy":"post_tag","embeddable":true,"href":"https:\/\/www.caririemacao.com\/1\/wp-json\/wp\/v2\/tags?post=77276"}],"curies":[{"name":"wp","href":"https:\/\/api.w.org\/{rel}","templated":true}]}}