{"id":77292,"date":"2018-12-19T07:45:54","date_gmt":"2018-12-19T10:45:54","guid":{"rendered":"http:\/\/www.caririemacao.com\/1\/?p=77292"},"modified":"2018-12-19T07:45:54","modified_gmt":"2018-12-19T10:45:54","slug":"festa-de-nossa-senhora-da-conceicao-e-realizada-no-distrito-do-pindurao","status":"publish","type":"post","link":"https:\/\/www.caririemacao.com\/1\/2018\/12\/19\/festa-de-nossa-senhora-da-conceicao-e-realizada-no-distrito-do-pindurao\/","title":{"rendered":"Festa de Nossa Senhora da Concei\u00e7\u00e3o \u00e9 realizada no Distrito do Pindur\u00e3o"},"content":{"rendered":"<p>Durante as comemora\u00e7\u00f5es da Festa de Nossa Senhora da Concei\u00e7\u00e3o no Distrito do Pindur\u00e3o, o prefeito Sandro M\u00f4co anunciou a aquisi\u00e7\u00e3o de um ve\u00edculo para atender as demandas principalmente na \u00e1rea de sa\u00fade do respectivo Distrito.<\/p>\n<p>O ve\u00edculo vem auxiliar o distrito, principalmente na locomo\u00e7\u00e3o de pessoas para marcar exames e coisas do tipo.<\/p>\n<p>O Distrito conta atualmente com uma ambul\u00e2ncia, mas ser\u00e1 beneficiado agora com mais um ve\u00edculo.<\/p>\n<p>O ve\u00edculo \u00e9 fruto de uma emenda do senador C\u00e1ssio Cunha Lima, e ser\u00e1 entregue nestes dias.<\/p>\n<p>DCS<\/p>\n<p>&nbsp;<\/p>\n","protected":false},"excerpt":{"rendered":"<p>Durante as comemora\u00e7\u00f5es da Festa de Nossa Senhora da Concei\u00e7\u00e3o no Distrito do Pindur\u00e3o, o prefeito Sandro M\u00f4co anunciou a aquisi\u00e7\u00e3o de um ve\u00edculo para&hellip; <\/p>\n","protected":false},"author":1,"featured_media":77293,"comment_status":"closed","ping_status":"closed","sticky":false,"template":"","format":"standard","meta":{"sfsi_plus_gutenberg_text_before_share":"","sfsi_plus_gutenberg_show_text_before_share":"","sfsi_plus_gutenberg_icon_type":"","sfsi_plus_gutenberg_icon_alignemt":"","sfsi_plus_gutenburg_max_per_row":"","footnotes":""},"categories":[2],"tags":[],"class_list":["post-77292","post","type-post","status-publish","format-standard","has-post-thumbnail","hentry","category-geral"],"_links":{"self":[{"href":"https:\/\/www.caririemacao.com\/1\/wp-json\/wp\/v2\/posts\/77292","targetHints":{"allow":["GET"]}}],"collection":[{"href":"https:\/\/www.caririemacao.com\/1\/wp-json\/wp\/v2\/posts"}],"about":[{"href":"https:\/\/www.caririemacao.com\/1\/wp-json\/wp\/v2\/types\/post"}],"author":[{"embeddable":true,"href":"https:\/\/www.caririemacao.com\/1\/wp-json\/wp\/v2\/users\/1"}],"replies":[{"embeddable":true,"href":"https:\/\/www.caririemacao.com\/1\/wp-json\/wp\/v2\/comments?post=77292"}],"version-history":[{"count":1,"href":"https:\/\/www.caririemacao.com\/1\/wp-json\/wp\/v2\/posts\/77292\/revisions"}],"predecessor-version":[{"id":77294,"href":"https:\/\/www.caririemacao.com\/1\/wp-json\/wp\/v2\/posts\/77292\/revisions\/77294"}],"wp:featuredmedia":[{"embeddable":true,"href":"https:\/\/www.caririemacao.com\/1\/wp-json\/wp\/v2\/media\/77293"}],"wp:attachment":[{"href":"https:\/\/www.caririemacao.com\/1\/wp-json\/wp\/v2\/media?parent=77292"}],"wp:term":[{"taxonomy":"category","embeddable":true,"href":"https:\/\/www.caririemacao.com\/1\/wp-json\/wp\/v2\/categories?post=77292"},{"taxonomy":"post_tag","embeddable":true,"href":"https:\/\/www.caririemacao.com\/1\/wp-json\/wp\/v2\/tags?post=77292"}],"curies":[{"name":"wp","href":"https:\/\/api.w.org\/{rel}","templated":true}]}}