{"id":77304,"date":"2018-12-19T10:24:29","date_gmt":"2018-12-19T13:24:29","guid":{"rendered":"http:\/\/www.caririemacao.com\/1\/?p=77304"},"modified":"2018-12-19T10:24:29","modified_gmt":"2018-12-19T13:24:29","slug":"nasf-promove-confraternizacao-com-alunos-da-academia-da-saude-maria-celeste-alves-silva","status":"publish","type":"post","link":"https:\/\/www.caririemacao.com\/1\/2018\/12\/19\/nasf-promove-confraternizacao-com-alunos-da-academia-da-saude-maria-celeste-alves-silva\/","title":{"rendered":"NASF promove confraterniza\u00e7\u00e3o com alunos da Academia da Sa\u00fade Maria Celeste Alves Silva"},"content":{"rendered":"<p>A equipe do N\u00facleo de Apoio a Sa\u00fade da Fam\u00edlia \u2013 NASF, coordenado pelo nutricionista Rafael Sena, ofereceu uma grande festa de confraterniza\u00e7\u00e3o para os alunos da Academia da Sa\u00fade Maria Celeste Alves Silva.<\/p>\n<p>Na tarde festiva os usu\u00e1rios da Academia que se localiza \u00e0s margens do a\u00e7ude no centro da cidade puderam participar de diversas atividades al\u00e9m de sorteios e um lanche especialmente preparado para a ocasi\u00e3o.<\/p>\n<p>Cerca de 50 pessoas estiveram presentes, al\u00e9m da secret\u00e1ria de sa\u00fade Paula Oliveira e da secret\u00e1ria executiva Viviane Ferreira, recepcionadas <img fetchpriority=\"high\" decoding=\"async\" class=\"size-medium wp-image-30098 alignleft\" src=\"http:\/\/www.vitrinedocariri.com.br\/wp-content\/uploads\/2018\/12\/Confraterniza\u00e7\u00e3o-Academia-da-Sa\u00fade-I-4-300x225.jpeg\" alt=\"\" width=\"300\" height=\"225\" \/>pelo coordenador Rafael Sena e toda sua equipe.<\/p>\n<p>Fazendo um balan\u00e7o das atividades promovidas pelo NASF nas Academias da Sa\u00fade, Rafael Sena avalia como positiva a grande procura da popula\u00e7\u00e3o pelas aulas e acompanhamentos oferecidos no local e completa \u201c2018 foi um ano de intensas atividades e a\u00e7\u00f5es como aer\u00f3bica, trino funcional e zumba e para o pr\u00f3ximo ano, n\u00f3s planejamos desenvolver ainda mais atividades\u00a0 sempre incentivando o bem-estar e a sa\u00fade dos monteirenses\u201d.<\/p>\n<p><strong>Sobre as Academias da Sa\u00fade<\/strong><\/p>\n<p>A aplica\u00e7\u00e3o das aulas nas academias de sa\u00fade \u00e9 uma iniciativa que objetiva incentivar a pr\u00e1tica de atividades f\u00edsicas, como tamb\u00e9m de uma alimenta\u00e7\u00e3o saud\u00e1vel e ado\u00e7\u00e3o de h\u00e1bitos saud\u00e1veis no dia a dia. A programa\u00e7\u00e3o inclui palestras educativas, gin\u00e1stica, alongamento, aulas de dan\u00e7a como a Zumba entre outros.<\/p>\n<p>As atividades s\u00e3o gratuitas e todas as aulas s\u00e3o acompanhas por profissionais da \u00e1rea, entre eles o professor de dan\u00e7a, educadores f\u00edsicos, fisioterapeutas entre outros.<\/p>\n<div class=\"post-views post-30093 entry-meta\"><\/div>\n","protected":false},"excerpt":{"rendered":"<p>A equipe do N\u00facleo de Apoio a Sa\u00fade da Fam\u00edlia \u2013 NASF, coordenado pelo nutricionista Rafael Sena, ofereceu uma grande festa de confraterniza\u00e7\u00e3o para os&hellip; <\/p>\n","protected":false},"author":1,"featured_media":77305,"comment_status":"closed","ping_status":"closed","sticky":false,"template":"","format":"standard","meta":{"sfsi_plus_gutenberg_text_before_share":"","sfsi_plus_gutenberg_show_text_before_share":"","sfsi_plus_gutenberg_icon_type":"","sfsi_plus_gutenberg_icon_alignemt":"","sfsi_plus_gutenburg_max_per_row":"","footnotes":""},"categories":[16],"tags":[],"class_list":["post-77304","post","type-post","status-publish","format-standard","has-post-thumbnail","hentry","category-saude"],"_links":{"self":[{"href":"https:\/\/www.caririemacao.com\/1\/wp-json\/wp\/v2\/posts\/77304","targetHints":{"allow":["GET"]}}],"collection":[{"href":"https:\/\/www.caririemacao.com\/1\/wp-json\/wp\/v2\/posts"}],"about":[{"href":"https:\/\/www.caririemacao.com\/1\/wp-json\/wp\/v2\/types\/post"}],"author":[{"embeddable":true,"href":"https:\/\/www.caririemacao.com\/1\/wp-json\/wp\/v2\/users\/1"}],"replies":[{"embeddable":true,"href":"https:\/\/www.caririemacao.com\/1\/wp-json\/wp\/v2\/comments?post=77304"}],"version-history":[{"count":1,"href":"https:\/\/www.caririemacao.com\/1\/wp-json\/wp\/v2\/posts\/77304\/revisions"}],"predecessor-version":[{"id":77306,"href":"https:\/\/www.caririemacao.com\/1\/wp-json\/wp\/v2\/posts\/77304\/revisions\/77306"}],"wp:featuredmedia":[{"embeddable":true,"href":"https:\/\/www.caririemacao.com\/1\/wp-json\/wp\/v2\/media\/77305"}],"wp:attachment":[{"href":"https:\/\/www.caririemacao.com\/1\/wp-json\/wp\/v2\/media?parent=77304"}],"wp:term":[{"taxonomy":"category","embeddable":true,"href":"https:\/\/www.caririemacao.com\/1\/wp-json\/wp\/v2\/categories?post=77304"},{"taxonomy":"post_tag","embeddable":true,"href":"https:\/\/www.caririemacao.com\/1\/wp-json\/wp\/v2\/tags?post=77304"}],"curies":[{"name":"wp","href":"https:\/\/api.w.org\/{rel}","templated":true}]}}