{"id":77313,"date":"2018-12-19T10:34:21","date_gmt":"2018-12-19T13:34:21","guid":{"rendered":"http:\/\/www.caririemacao.com\/1\/?p=77313"},"modified":"2018-12-19T10:34:21","modified_gmt":"2018-12-19T13:34:21","slug":"bolsonaro-se-reune-nesta-quarta-pela-primeira-vez-com-seus-22-ministros","status":"publish","type":"post","link":"https:\/\/www.caririemacao.com\/1\/2018\/12\/19\/bolsonaro-se-reune-nesta-quarta-pela-primeira-vez-com-seus-22-ministros\/","title":{"rendered":"Bolsonaro se re\u00fane nesta quarta pela primeira vez com seus 22 ministros"},"content":{"rendered":"<p>O presidente eleito, Jair Bolsonaro, desembarca hoje (19) em Bras\u00edlia para comandar a primeira reuni\u00e3o ministerial com sua equipe completa. Os 22 ministros j\u00e1 indicados dever\u00e3o estar presentes na resid\u00eancia oficial da Granja do Torto, utilizada por Bolsonaro como resid\u00eancia oficial quando est\u00e1 em Bras\u00edlia.<\/p>\n<p>A previs\u00e3o \u00e9 de que a reuni\u00e3o comece por volta das 10h e termine \u00e0s 16h. N\u00e3o h\u00e1 detalhes sobre pauta nem entrevistas. Bolsonaro pretende retornar \u00e0 noite para o Rio de Janeiro. Depois, s\u00f3 voltar\u00e1 a Bras\u00edlia \u00e0s v\u00e9speras da cerim\u00f4nia de posse. A data ainda est\u00e1 sendo fechada entre 27 e 29 de dezembro.<\/p>\n<p>Ontem (18), v\u00e1rios ministros j\u00e1 indicados se reuniram com suas equipes no Centro Cultural Banco do Brasil (CCBB), em Bras\u00edlia, que se transformou em gabinete de transi\u00e7\u00e3o desde 5 de novembro. Eles usaram o dia para finalizar o desenho da estrutura e as prioridades que ter\u00e3o de tocar a partir de janeiro.<\/p>\n<p>A expectativa \u00e9 de que esse tema seja tratado na reuni\u00e3o pelo presidente eleito. Ontem, em transmiss\u00e3o ao vivo nas redes sociais, Bolsonaro reconheceu que a \u201cbarra vai ser pesada\u201d, t\u00e3o logo assuma o poder, e pediu ajuda de todos para governar.<\/p>\n<p>\u201cEst\u00e1 chegando o grande dia: 1\u00ba de janeiro, quando iniciaremos o nosso governo. Mais do que nunca, preciso de voc\u00eas ao nosso lado porque a barra vai ser pesada. Ningu\u00e9m acreditava. Ningu\u00e9m que estava l\u00e1 no poder acreditava nessa vit\u00f3ria. Teremos problemas l\u00e1 na frente? Sim. Mas acredito em Deus e no apoio de voc\u00eas.\u201d<\/p>\n<p>A primeira reuni\u00e3o ministerial, com a equipe incompleta, foi conduzida por Bolsonaro no momento em que ele ainda escolhia nomes para o primeiro escal\u00e3o de governo.<\/p>\n<p>&nbsp;<\/p>\n<p>EBC<\/p>\n","protected":false},"excerpt":{"rendered":"<p>O presidente eleito, Jair Bolsonaro, desembarca hoje (19) em Bras\u00edlia para comandar a primeira reuni\u00e3o ministerial com sua equipe completa. Os 22 ministros j\u00e1 indicados&hellip; <\/p>\n","protected":false},"author":1,"featured_media":71766,"comment_status":"closed","ping_status":"closed","sticky":false,"template":"","format":"standard","meta":{"sfsi_plus_gutenberg_text_before_share":"","sfsi_plus_gutenberg_show_text_before_share":"","sfsi_plus_gutenberg_icon_type":"","sfsi_plus_gutenberg_icon_alignemt":"","sfsi_plus_gutenburg_max_per_row":"","footnotes":""},"categories":[11],"tags":[],"class_list":["post-77313","post","type-post","status-publish","format-standard","has-post-thumbnail","hentry","category-politica"],"_links":{"self":[{"href":"https:\/\/www.caririemacao.com\/1\/wp-json\/wp\/v2\/posts\/77313","targetHints":{"allow":["GET"]}}],"collection":[{"href":"https:\/\/www.caririemacao.com\/1\/wp-json\/wp\/v2\/posts"}],"about":[{"href":"https:\/\/www.caririemacao.com\/1\/wp-json\/wp\/v2\/types\/post"}],"author":[{"embeddable":true,"href":"https:\/\/www.caririemacao.com\/1\/wp-json\/wp\/v2\/users\/1"}],"replies":[{"embeddable":true,"href":"https:\/\/www.caririemacao.com\/1\/wp-json\/wp\/v2\/comments?post=77313"}],"version-history":[{"count":1,"href":"https:\/\/www.caririemacao.com\/1\/wp-json\/wp\/v2\/posts\/77313\/revisions"}],"predecessor-version":[{"id":77314,"href":"https:\/\/www.caririemacao.com\/1\/wp-json\/wp\/v2\/posts\/77313\/revisions\/77314"}],"wp:featuredmedia":[{"embeddable":true,"href":"https:\/\/www.caririemacao.com\/1\/wp-json\/wp\/v2\/media\/71766"}],"wp:attachment":[{"href":"https:\/\/www.caririemacao.com\/1\/wp-json\/wp\/v2\/media?parent=77313"}],"wp:term":[{"taxonomy":"category","embeddable":true,"href":"https:\/\/www.caririemacao.com\/1\/wp-json\/wp\/v2\/categories?post=77313"},{"taxonomy":"post_tag","embeddable":true,"href":"https:\/\/www.caririemacao.com\/1\/wp-json\/wp\/v2\/tags?post=77313"}],"curies":[{"name":"wp","href":"https:\/\/api.w.org\/{rel}","templated":true}]}}