{"id":77320,"date":"2018-12-19T10:38:18","date_gmt":"2018-12-19T13:38:18","guid":{"rendered":"http:\/\/www.caririemacao.com\/1\/?p=77320"},"modified":"2018-12-19T10:38:18","modified_gmt":"2018-12-19T13:38:18","slug":"familia-fica-ferida-apos-explosao-provocada-por-vazamento-de-gas-no-sertao-do-estado","status":"publish","type":"post","link":"https:\/\/www.caririemacao.com\/1\/2018\/12\/19\/familia-fica-ferida-apos-explosao-provocada-por-vazamento-de-gas-no-sertao-do-estado\/","title":{"rendered":"Fam\u00edlia fica ferida ap\u00f3s explos\u00e3o provocada por vazamento de g\u00e1s no Sert\u00e3o do Estado"},"content":{"rendered":"<p>Cinco pessoas de uma mesma fam\u00edlia ficaram feridas ap\u00f3s uma explos\u00e3o dentro de casa na noite desta ter\u00e7a-feira (18). A explos\u00e3o teria acontecido ap\u00f3s vazamento de g\u00e1s de um buj\u00e3o na cidade de Nazarezinho, no Sert\u00e3o do Estado.<\/p>\n<p>De acordo com informa\u00e7\u00f5es das v\u00edtimas, a fam\u00edlia estava jantando quando aconteceu a explos\u00e3o. O Servi\u00e7o de Atendimento M\u00f3vel de Urg\u00eancia (Samu) e o Corpo de Bombeiros foram acionados para prestar socorro \u00e0s v\u00edtimas.<\/p>\n<p>Duas crian\u00e7as de nove anos de idade e tr\u00eas adultos foram levados para receber atendimento no Hospital Regional de Sousa. Elas sofreram v\u00e1rias queimaduras de 1\u00ba e 2\u00ba grau pelo corpo.<\/p>\n","protected":false},"excerpt":{"rendered":"<p>Cinco pessoas de uma mesma fam\u00edlia ficaram feridas ap\u00f3s uma explos\u00e3o dentro de casa na noite desta ter\u00e7a-feira (18). A explos\u00e3o teria acontecido ap\u00f3s vazamento&hellip; <\/p>\n","protected":false},"author":1,"featured_media":77321,"comment_status":"closed","ping_status":"closed","sticky":false,"template":"","format":"standard","meta":{"sfsi_plus_gutenberg_text_before_share":"","sfsi_plus_gutenberg_show_text_before_share":"","sfsi_plus_gutenberg_icon_type":"","sfsi_plus_gutenberg_icon_alignemt":"","sfsi_plus_gutenburg_max_per_row":"","footnotes":""},"categories":[12],"tags":[],"class_list":["post-77320","post","type-post","status-publish","format-standard","has-post-thumbnail","hentry","category-policia"],"_links":{"self":[{"href":"https:\/\/www.caririemacao.com\/1\/wp-json\/wp\/v2\/posts\/77320","targetHints":{"allow":["GET"]}}],"collection":[{"href":"https:\/\/www.caririemacao.com\/1\/wp-json\/wp\/v2\/posts"}],"about":[{"href":"https:\/\/www.caririemacao.com\/1\/wp-json\/wp\/v2\/types\/post"}],"author":[{"embeddable":true,"href":"https:\/\/www.caririemacao.com\/1\/wp-json\/wp\/v2\/users\/1"}],"replies":[{"embeddable":true,"href":"https:\/\/www.caririemacao.com\/1\/wp-json\/wp\/v2\/comments?post=77320"}],"version-history":[{"count":1,"href":"https:\/\/www.caririemacao.com\/1\/wp-json\/wp\/v2\/posts\/77320\/revisions"}],"predecessor-version":[{"id":77322,"href":"https:\/\/www.caririemacao.com\/1\/wp-json\/wp\/v2\/posts\/77320\/revisions\/77322"}],"wp:featuredmedia":[{"embeddable":true,"href":"https:\/\/www.caririemacao.com\/1\/wp-json\/wp\/v2\/media\/77321"}],"wp:attachment":[{"href":"https:\/\/www.caririemacao.com\/1\/wp-json\/wp\/v2\/media?parent=77320"}],"wp:term":[{"taxonomy":"category","embeddable":true,"href":"https:\/\/www.caririemacao.com\/1\/wp-json\/wp\/v2\/categories?post=77320"},{"taxonomy":"post_tag","embeddable":true,"href":"https:\/\/www.caririemacao.com\/1\/wp-json\/wp\/v2\/tags?post=77320"}],"curies":[{"name":"wp","href":"https:\/\/api.w.org\/{rel}","templated":true}]}}