{"id":77323,"date":"2018-12-19T10:40:35","date_gmt":"2018-12-19T13:40:35","guid":{"rendered":"http:\/\/www.caririemacao.com\/1\/?p=77323"},"modified":"2018-12-19T10:40:35","modified_gmt":"2018-12-19T13:40:35","slug":"campinense-e-treze-se-enfrentam-em-amistoso-no-estadio-amigao-nesta-quarta","status":"publish","type":"post","link":"https:\/\/www.caririemacao.com\/1\/2018\/12\/19\/campinense-e-treze-se-enfrentam-em-amistoso-no-estadio-amigao-nesta-quarta\/","title":{"rendered":"Campinense e Treze se enfrentam em amistoso no Est\u00e1dio Amig\u00e3o nesta quarta"},"content":{"rendered":"<p>Os times paraibanos Campinense e Treze se enfrentam nesta quarta-feira (19), em um amistoso que marca a reinaugura\u00e7\u00e3o do gramado do principal est\u00e1dio de Campina Grande, o Amig\u00e3o. O cl\u00e1ssico acontece \u00e0s 20:30.<\/p>\n<p>O\u00a0Cl\u00e1ssico dos Maiorais inicia\u00a0tamb\u00e9m a temporada para\u00a0outros dois amistosos antes da estreia no Campeonato Paraibano, que deve acontecer nos dias 12 e 13 de janeiro.<\/p>\n<p>Apesar de poucos treinamentos coletivos realizados at\u00e9 agora, o time para o cl\u00e1ssico de quarta-feira deve ser formado por Wagner Coradin, Neilson, Henrique Mattos, Richardson e James; Cleber, Ded\u00e9 e Weslei Lelo; Alisson, Afonso J\u00fanior e Lopeu. Por se tratar de um amistoso, \u00e9 \u00f3bvio que o comandante raposeiro vai realizar algumas mudan\u00e7as durante a partida, mas o \u201cgrosso\u201d do time j\u00e1 est\u00e1 acertado.<\/p>\n<p>Com alguns dias a menos de trabalho, j\u00e1 que o time foi apresentado no dia 2 desse m\u00eas, o Treze tamb\u00e9m est\u00e1 quase pronto para os jogos oficiais de 2019 e deve entrar em campo nesta quarta-feira, para o primeiro amistoso da pr\u00e9-temporada, com Mauro Iguatu, Saldanha (ou Diego), L\u00e9o Fioravanti, Brumatti e Patrick; Misso, Copetti, Fernando J\u00fanior e Jean Natal; Teco e Dai (ou Torres). Talvez at\u00e9 pelo fato de ter realizado menos treinamentos Maur\u00edlio Silva ainda n\u00e3o tenha confirmado totalmente o time titular, mas assim como o Campinense, as mudan\u00e7as n\u00e3o devem ser muitas.<\/p>\n<p>&nbsp;<\/p>\n<p>ClickPB<\/p>\n","protected":false},"excerpt":{"rendered":"<p>Os times paraibanos Campinense e Treze se enfrentam nesta quarta-feira (19), em um amistoso que marca a reinaugura\u00e7\u00e3o do gramado do principal est\u00e1dio de Campina&hellip; <\/p>\n","protected":false},"author":1,"featured_media":77324,"comment_status":"closed","ping_status":"closed","sticky":false,"template":"","format":"standard","meta":{"sfsi_plus_gutenberg_text_before_share":"","sfsi_plus_gutenberg_show_text_before_share":"","sfsi_plus_gutenberg_icon_type":"","sfsi_plus_gutenberg_icon_alignemt":"","sfsi_plus_gutenburg_max_per_row":"","footnotes":""},"categories":[13],"tags":[],"class_list":["post-77323","post","type-post","status-publish","format-standard","has-post-thumbnail","hentry","category-esportes"],"_links":{"self":[{"href":"https:\/\/www.caririemacao.com\/1\/wp-json\/wp\/v2\/posts\/77323","targetHints":{"allow":["GET"]}}],"collection":[{"href":"https:\/\/www.caririemacao.com\/1\/wp-json\/wp\/v2\/posts"}],"about":[{"href":"https:\/\/www.caririemacao.com\/1\/wp-json\/wp\/v2\/types\/post"}],"author":[{"embeddable":true,"href":"https:\/\/www.caririemacao.com\/1\/wp-json\/wp\/v2\/users\/1"}],"replies":[{"embeddable":true,"href":"https:\/\/www.caririemacao.com\/1\/wp-json\/wp\/v2\/comments?post=77323"}],"version-history":[{"count":1,"href":"https:\/\/www.caririemacao.com\/1\/wp-json\/wp\/v2\/posts\/77323\/revisions"}],"predecessor-version":[{"id":77325,"href":"https:\/\/www.caririemacao.com\/1\/wp-json\/wp\/v2\/posts\/77323\/revisions\/77325"}],"wp:featuredmedia":[{"embeddable":true,"href":"https:\/\/www.caririemacao.com\/1\/wp-json\/wp\/v2\/media\/77324"}],"wp:attachment":[{"href":"https:\/\/www.caririemacao.com\/1\/wp-json\/wp\/v2\/media?parent=77323"}],"wp:term":[{"taxonomy":"category","embeddable":true,"href":"https:\/\/www.caririemacao.com\/1\/wp-json\/wp\/v2\/categories?post=77323"},{"taxonomy":"post_tag","embeddable":true,"href":"https:\/\/www.caririemacao.com\/1\/wp-json\/wp\/v2\/tags?post=77323"}],"curies":[{"name":"wp","href":"https:\/\/api.w.org\/{rel}","templated":true}]}}