{"id":77326,"date":"2018-12-19T10:43:10","date_gmt":"2018-12-19T13:43:10","guid":{"rendered":"http:\/\/www.caririemacao.com\/1\/?p=77326"},"modified":"2018-12-19T10:43:10","modified_gmt":"2018-12-19T13:43:10","slug":"joao-azevedo-e-diplomado-governador-da-paraiba-e-diz-que-esta-pronto-para-o-futuro","status":"publish","type":"post","link":"https:\/\/www.caririemacao.com\/1\/2018\/12\/19\/joao-azevedo-e-diplomado-governador-da-paraiba-e-diz-que-esta-pronto-para-o-futuro\/","title":{"rendered":"Jo\u00e3o Azev\u00eado \u00e9 diplomado governador da Para\u00edba e diz que est\u00e1 pronto para o futuro"},"content":{"rendered":"<p>O governador eleito da Para\u00edba, Jo\u00e3o Azev\u00eado, foi diplomado nesta ter\u00e7a-feira (18), pelo Tribunal Regional Eleitoral (TRE), e disse que est\u00e1 pronto para o futuro. A diploma\u00e7\u00e3o aconteceu no Teatro Pedra do Reino, no Centro de Conven\u00e7\u00f5es.<\/p>\n<p>Em seu discurso, ele assegurou que ir\u00e1 se empenhar para manter a economia do Estado equilibrada. Ele tamb\u00e9m afirmou que seu governo ter\u00e1 como metas retirar cidades do isolamento econ\u00f4mico e reduzir ainda mais os \u00edndices de viol\u00eancia.<\/p>\n<p>\u201cA alegria que hoje nos enla\u00e7a s\u00f3 ser\u00e1 maior se daqui a quatro anos, pudermos olhar para o trajeto percorrido e anunciar, com a alma leve e o cora\u00e7\u00e3o tranquilo, que o povo continuou no poder. Essa \u00e9 a meta e o compromisso irrevog\u00e1vel que diz esse diploma nas entrelinhas\u201d, destacou.<\/p>\n<figure><img decoding=\"async\" data-src=\"https:\/\/www.clickpb.com.br\/media\/filer_public\/c8\/7d\/c87db209-c0f5-4e4e-9930-5c0d9d44cc84\/img-20181219-wa0009.jpg\" data-image=\"108978\" src=\"data:image\/svg+xml;base64,PHN2ZyB3aWR0aD0iMSIgaGVpZ2h0PSIxIiB4bWxucz0iaHR0cDovL3d3dy53My5vcmcvMjAwMC9zdmciPjwvc3ZnPg==\" class=\"lazyload\" \/><\/figure>\n<p>Jo\u00e3o Azev\u00eado ainda dedicou o diploma entregue hoje pela Justi\u00e7a Eleitoral ao povo da Para\u00edba e ao governador Ricardo Coutinho (PSB).<\/p>\n<p>\u201cEm 2010, a Para\u00edba votou na\u00a0 esperan\u00e7a. Oito anos depois, estou aqui para representar uma nova Para\u00edba, uma Para\u00edba cujos indicadores econ\u00f4micos e sociais se igualam e, em muitos casos, superam n\u00fameros de gigantes da economia brasileira. Esse diploma \u00e9 bem mais que um documento de valor jur\u00eddico, pol\u00edtico e hist\u00f3rico. Esse certificado \u00e9 uma carta de compromisso assinada por milhares de paraibanos a quem devemos prestar contas todos os dias a partir de agora\u201d, falou.<\/p>\n<p>O presidente do TRE, Carlos Martins Beltr\u00e3o, afirmou que a diploma\u00e7\u00e3o credencia os eleitos a assumir os mandatos pela legitimidade do voto popular.<\/p>\n<p>\u201cEsse \u00e9 um momento de elevada significa\u00e7\u00e3o para o Tribunal Regional Eleitoral da Para\u00edba e para os eleitos. A pol\u00edtica \u00e9 uma forma de amor ao pr\u00f3ximo porque projeta a esperan\u00e7a. Da\u00ed \u00e9 imperativo persistir na cren\u00e7a de que a participa\u00e7\u00e3o popular tenha a for\u00e7a necess\u00e1ria para desgastar a corrup\u00e7\u00e3o que se instalou ao longo dos anos no nosso pa\u00eds, devolvendo ao povo uma sociedade mais justa e igualit\u00e1ria\u201d, declarou.<\/p>\n<p>O desembargador Romero Marcelo, que presidiu o primeiro turno das elei\u00e7\u00f5es na Para\u00edba, disse que os eleitos t\u00eam o compromisso, a partir de agora, de trabalhar por todo o Estado.<\/p>\n<p>\u201cA entrega desse diploma representa a esperan\u00e7a de cada cidad\u00e3o. A partir de agora e depois da posse, ser\u00e3o os legisladores de todos, governador de todos. A esperan\u00e7a que est\u00e1 aqui nessa outorga de diploma \u00e9 a grande responsabilidade de cada um\u201d, observou.<\/p>\n<p>Jo\u00e3o Azev\u00eado foi eleito governador da Para\u00edba no dia 7 de outubro deste ano, com 1.119.758 votos, o que corresponde a 58,18% dos votos v\u00e1lidos.<\/p>\n","protected":false},"excerpt":{"rendered":"<p>O governador eleito da Para\u00edba, Jo\u00e3o Azev\u00eado, foi diplomado nesta ter\u00e7a-feira (18), pelo Tribunal Regional Eleitoral (TRE), e disse que est\u00e1 pronto para o futuro.&hellip; <\/p>\n","protected":false},"author":1,"featured_media":77327,"comment_status":"closed","ping_status":"closed","sticky":false,"template":"","format":"standard","meta":{"sfsi_plus_gutenberg_text_before_share":"","sfsi_plus_gutenberg_show_text_before_share":"","sfsi_plus_gutenberg_icon_type":"","sfsi_plus_gutenberg_icon_alignemt":"","sfsi_plus_gutenburg_max_per_row":"","footnotes":""},"categories":[11],"tags":[],"class_list":["post-77326","post","type-post","status-publish","format-standard","has-post-thumbnail","hentry","category-politica"],"_links":{"self":[{"href":"https:\/\/www.caririemacao.com\/1\/wp-json\/wp\/v2\/posts\/77326","targetHints":{"allow":["GET"]}}],"collection":[{"href":"https:\/\/www.caririemacao.com\/1\/wp-json\/wp\/v2\/posts"}],"about":[{"href":"https:\/\/www.caririemacao.com\/1\/wp-json\/wp\/v2\/types\/post"}],"author":[{"embeddable":true,"href":"https:\/\/www.caririemacao.com\/1\/wp-json\/wp\/v2\/users\/1"}],"replies":[{"embeddable":true,"href":"https:\/\/www.caririemacao.com\/1\/wp-json\/wp\/v2\/comments?post=77326"}],"version-history":[{"count":1,"href":"https:\/\/www.caririemacao.com\/1\/wp-json\/wp\/v2\/posts\/77326\/revisions"}],"predecessor-version":[{"id":77328,"href":"https:\/\/www.caririemacao.com\/1\/wp-json\/wp\/v2\/posts\/77326\/revisions\/77328"}],"wp:featuredmedia":[{"embeddable":true,"href":"https:\/\/www.caririemacao.com\/1\/wp-json\/wp\/v2\/media\/77327"}],"wp:attachment":[{"href":"https:\/\/www.caririemacao.com\/1\/wp-json\/wp\/v2\/media?parent=77326"}],"wp:term":[{"taxonomy":"category","embeddable":true,"href":"https:\/\/www.caririemacao.com\/1\/wp-json\/wp\/v2\/categories?post=77326"},{"taxonomy":"post_tag","embeddable":true,"href":"https:\/\/www.caririemacao.com\/1\/wp-json\/wp\/v2\/tags?post=77326"}],"curies":[{"name":"wp","href":"https:\/\/api.w.org\/{rel}","templated":true}]}}