{"id":77346,"date":"2018-12-19T11:19:36","date_gmt":"2018-12-19T14:19:36","guid":{"rendered":"http:\/\/www.caririemacao.com\/1\/?p=77346"},"modified":"2018-12-19T11:19:36","modified_gmt":"2018-12-19T14:19:36","slug":"mae-que-registrou-boato-sobre-sequestro-de-filho-vai-responder-por-denuncia-caluniosa-no-cariri","status":"publish","type":"post","link":"https:\/\/www.caririemacao.com\/1\/2018\/12\/19\/mae-que-registrou-boato-sobre-sequestro-de-filho-vai-responder-por-denuncia-caluniosa-no-cariri\/","title":{"rendered":"M\u00e3e que registrou boato sobre sequestro de filho vai responder por den\u00fancia caluniosa no Cariri"},"content":{"rendered":"<p>A adolescente de 16 anos, respons\u00e1vel por registrar uma suposta tentativa de sequestro do filho em outubro deste ano que resultou em um\u00a0boato envolvendo um rep\u00f3rter na cidade de Monteiro, no Cariri paraibano, vai responder por denuncia\u00e7\u00e3o caluniosa e falsa comunica\u00e7\u00e3o de crime. Conforme o delegado respons\u00e1vel pelo caso, Gilson Duarte, a jovem mentiu ao afirmar que o carro do rep\u00f3rter tinha participado da tentativa de sequestro. A informa\u00e7\u00e3o foi confirmada pela Pol\u00edcia Civil nesta ter\u00e7a-feira (18).<\/p>\n<p>No dia 10 de outubro deste ano, a adolescente foi at\u00e9 a delegacia de Monteiro registrar que um carro preto estava seguindo ela e seu filho, que estava em um carrinho de beb\u00ea, pelas ruas da cidade. O fato foi considerado pela jovem como uma tentativa de sequestro. \u00c0 \u00e9poca um boato semelhante circulava pela regi\u00e3o e um outro caso semelhante havia sido registrado na delegacia de Serra Branca, cidade pr\u00f3xima a Monteiro.<\/p>\n<p>Na ocasi\u00e3o, a adolescente registrou que um carro com as placas do ve\u00edculo usado pelo rep\u00f3rter Jos\u00e9 Ismas, estudante de jornalismo, estava envolvido no caso. A den\u00fancia se espalhou pela cidade e Jos\u00e9 Ismar chegou a ser hostilizado por moradores.<\/p>\n<p>O rep\u00f3rter chegou a fazer um Boletim de Ocorr\u00eancia para resguardar sua integridade f\u00edsica, temendo a hostilidade na cidade. Jos\u00e9 Ismar relatou que a informa\u00e7\u00e3o errada foi repassada pela m\u00e3e da crian\u00e7a que teria sido v\u00edtima e posteriormente divulgada pelo delegado do caso para os ve\u00edculos de comunica\u00e7\u00e3o.<\/p>\n<figure class=\"wp-block-image\"><img fetchpriority=\"high\" decoding=\"async\" class=\"td-animation-stack-type0-1\" title=\"Boletim de ocorr\u00eancia foi registrado pelo rep\u00f3rter ap\u00f3s ser v\u00edtima de boato em Monteiro \u2014 Foto: Reprodu\u00e7\u00e3o\" src=\"https:\/\/i1.wp.com\/s2.glbimg.com\/JPsKv8EqF_ezA2_x5gae47HvbwA=\/0x0:861x942\/984x0\/smart\/filters:strip_icc()\/i.s3.glbimg.com\/v1\/AUTH_59edd422c0c84a879bd37670ae4f538a\/internal_photos\/bs\/2018\/X\/q\/daCOtPTNCaw2qN7HtR3g\/bo-reporter-boato-monteiro-pb.jpeg?w=696&amp;ssl=1\" alt=\"Boletim de ocorr\u00eancia foi registrado pelo rep\u00f3rter ap\u00f3s ser v\u00edtima de boato em Monteiro \u2014 Foto: Reprodu\u00e7\u00e3o \" width=\"696\" height=\"761\" \/><\/figure>\n<p>Boletim de ocorr\u00eancia foi registrado pelo rep\u00f3rter ap\u00f3s ser v\u00edtima de boato em Monteiro \u2014 Foto: Reprodu\u00e7\u00e3o<\/p>\n<p>De acordo com o delegado Gilson Duarte, ap\u00f3s ouvir depoimentos de todos os envolvidos no caso e obter imagens gravadas por c\u00e2meras de seguran\u00e7a dos locais por onde a adolescente relatou ter passado com a crian\u00e7a, ficou confirmado pela Pol\u00edcia Civil que o crime denunciado pela adolescente n\u00e3o tinha ocorrido.<\/p>\n<p><em><strong>\u201cA gente queria deixar destacado a responsabilidade em imputar um crime a uma pessoa, como foi o caso da suposta v\u00edtima. Pedimos nesse caso a ajuda da imprensa para conscientizar a popula\u00e7\u00e3o com rela\u00e7\u00e3o a gravidade desse fato. Houve um grande problema para o Ismar, eu cito isso no relat\u00f3rio do caso, coloco que ele poderia ter sido linchado, ter sofrido consequ\u00eancias mais graves\u201d<\/strong><\/em>, comentou o delegado.<\/p>\n<p>Jos\u00e9 Ismar comentou que o esclarecimento do que tinha sido denunciado como sequestro faz com que ele fique menos preocupado com qualquer tipo de rea\u00e7\u00e3o por parte da popula\u00e7\u00e3o. <strong><em>\u201cEu me sinto mais tranquilo, mas n\u00e3o me sinto seguro. Houve uma repercuss\u00e3o muito grande, at\u00e9 que eu consiga confirmar para as pessoas que se tratava de um boato, que o inqu\u00e9rito confirmava que era um boato, vai levar muito tempo\u201d<\/em><\/strong>, lamentou o rep\u00f3rter.<\/p>\n<p>Ainda de acordo com o rep\u00f3rter, <em><strong>\u201co sentimento \u00e9 de indigna\u00e7\u00e3o pelo transtorno causado pelo fake news que foi gerado a partir den\u00fancias sem base ou provas que levaram o delegado a gravar v\u00eddeo divulgando informa\u00e7\u00f5es que nem eles mesmo tinham certeza\u201d<\/strong><\/em>, explicou.<\/p>\n<p>A v\u00edtima do boato confirmou que vai procurar a Justi\u00e7a para que haja repara\u00e7\u00e3o de indeniza\u00e7\u00e3o. <strong><em>\u201cVou buscar meus direitos, pois at\u00e9 esse momento tem pessoas que acreditam que eu tenho envolvimento com sequestro de crian\u00e7as. Quero que esse estrago seja minimamente reparado\u201d<\/em><\/strong>.<\/p>\n<p>&nbsp;<\/p>\n<p>TV Cariri<\/p>\n","protected":false},"excerpt":{"rendered":"<p>A adolescente de 16 anos, respons\u00e1vel por registrar uma suposta tentativa de sequestro do filho em outubro deste ano que resultou em um\u00a0boato envolvendo um&hellip; <\/p>\n","protected":false},"author":1,"featured_media":77347,"comment_status":"closed","ping_status":"closed","sticky":false,"template":"","format":"standard","meta":{"sfsi_plus_gutenberg_text_before_share":"","sfsi_plus_gutenberg_show_text_before_share":"","sfsi_plus_gutenberg_icon_type":"","sfsi_plus_gutenberg_icon_alignemt":"","sfsi_plus_gutenburg_max_per_row":"","footnotes":""},"categories":[1],"tags":[],"class_list":["post-77346","post","type-post","status-publish","format-standard","has-post-thumbnail","hentry","category-o-site"],"_links":{"self":[{"href":"https:\/\/www.caririemacao.com\/1\/wp-json\/wp\/v2\/posts\/77346","targetHints":{"allow":["GET"]}}],"collection":[{"href":"https:\/\/www.caririemacao.com\/1\/wp-json\/wp\/v2\/posts"}],"about":[{"href":"https:\/\/www.caririemacao.com\/1\/wp-json\/wp\/v2\/types\/post"}],"author":[{"embeddable":true,"href":"https:\/\/www.caririemacao.com\/1\/wp-json\/wp\/v2\/users\/1"}],"replies":[{"embeddable":true,"href":"https:\/\/www.caririemacao.com\/1\/wp-json\/wp\/v2\/comments?post=77346"}],"version-history":[{"count":1,"href":"https:\/\/www.caririemacao.com\/1\/wp-json\/wp\/v2\/posts\/77346\/revisions"}],"predecessor-version":[{"id":77348,"href":"https:\/\/www.caririemacao.com\/1\/wp-json\/wp\/v2\/posts\/77346\/revisions\/77348"}],"wp:featuredmedia":[{"embeddable":true,"href":"https:\/\/www.caririemacao.com\/1\/wp-json\/wp\/v2\/media\/77347"}],"wp:attachment":[{"href":"https:\/\/www.caririemacao.com\/1\/wp-json\/wp\/v2\/media?parent=77346"}],"wp:term":[{"taxonomy":"category","embeddable":true,"href":"https:\/\/www.caririemacao.com\/1\/wp-json\/wp\/v2\/categories?post=77346"},{"taxonomy":"post_tag","embeddable":true,"href":"https:\/\/www.caririemacao.com\/1\/wp-json\/wp\/v2\/tags?post=77346"}],"curies":[{"name":"wp","href":"https:\/\/api.w.org\/{rel}","templated":true}]}}