{"id":77363,"date":"2018-12-19T12:54:43","date_gmt":"2018-12-19T15:54:43","guid":{"rendered":"http:\/\/www.caririemacao.com\/1\/?p=77363"},"modified":"2018-12-19T12:54:43","modified_gmt":"2018-12-19T15:54:43","slug":"azevedo-pretende-se-reunir-com-bancada-governista-da-alpb-ja-em-janeiro","status":"publish","type":"post","link":"https:\/\/www.caririemacao.com\/1\/2018\/12\/19\/azevedo-pretende-se-reunir-com-bancada-governista-da-alpb-ja-em-janeiro\/","title":{"rendered":"Azev\u00eado pretende se reunir com bancada governista da ALPB j\u00e1 em janeiro"},"content":{"rendered":"<p><!------------------->\u00a0\u00a0\u00a0\u00a0\u00a0\u00a0\u00a0<!--banner-editoria-->\u00a0\u00a0\u00a0\u00a0\u00a0\u00a0\u00a0<!------------------->\u00a0\u00a0\u00a0\u00a0\u00a0\u00a0\u00a0\u00a0\u00a0\u00a0\u00a0\u00a0\u00a0<!------------------->\u00a0\u00a0\u00a0\u00a0\u00a0\u00a0\u00a0<!-------fim--------->\u00a0\u00a0\u00a0\u00a0\u00a0\u00a0\u00a0<!------------------->\u00a0\u00a0\u00a0\u00a0\u00a0\u00a0\u00a0<!--conte\u00fado--><\/p>\n<div class=\"content\">\n<p>O governador eleito da Para\u00edba e diplomado nessa ter\u00e7a-feira (18), Jo\u00e3o Azev\u00eado, declarou que pretende realizar uma reuni\u00e3o com a bancada de deputados na Assembleia Legislativa para conversar sobre como ser\u00e1 a escolha do presidente da casa.<\/p>\n<p>Ele destacou que tudo ocorrer\u00e1 de forma harm\u00f4nica e com di\u00e1logo.<\/p>\n<div id=\"attachment_546974\" class=\"wp-caption aligncenter\"><img decoding=\"async\" class=\"wp-image-546974 size-full lazyload\" data-src=\"https:\/\/paraibaonline.com.br\/wp-content\/uploads\/2018\/12\/joao-azevedo1912B.jpg\" data-srcset=\"https:\/\/paraibaonline.com.br\/wp-content\/uploads\/2018\/12\/joao-azevedo1912B.jpg 1024w, https:\/\/paraibaonline.com.br\/wp-content\/uploads\/2018\/12\/joao-azevedo1912B-567x378.jpg 567w, https:\/\/paraibaonline.com.br\/wp-content\/uploads\/2018\/12\/joao-azevedo1912B-900x599.jpg 900w\" alt=\"Foto: Leonardo Silva\/Paraibaonline\" src=\"data:image\/svg+xml;base64,PHN2ZyB3aWR0aD0iMSIgaGVpZ2h0PSIxIiB4bWxucz0iaHR0cDovL3d3dy53My5vcmcvMjAwMC9zdmciPjwvc3ZnPg==\" \/><\/p>\n<p class=\"wp-caption-text\">Foto: Leonardo Silva\/Paraibaonline<\/p>\n<\/div>\n<p>\u2013 Queremos que j\u00e1 no come\u00e7o de janeiro a gente j\u00e1 fa\u00e7a uma reuni\u00e3o com toda a bancada da nossa base para que a gente possa estabelecer o ritmo. Com 22 deputados seria impens\u00e1vel que a gente n\u00e3o conseguisse fazer o presidente e, obviamente, dentro da maior harmonia poss\u00edvel \u2013 disse.<\/p>\n<p>&nbsp;<\/p>\n<p>&nbsp;<\/p>\n<p>R\u00e1dio Caturit\u00e9 FM<\/p>\n<\/div>\n","protected":false},"excerpt":{"rendered":"<p>\u00a0\u00a0\u00a0\u00a0\u00a0\u00a0\u00a0\u00a0\u00a0\u00a0\u00a0\u00a0\u00a0\u00a0\u00a0\u00a0\u00a0\u00a0\u00a0\u00a0\u00a0\u00a0\u00a0\u00a0\u00a0\u00a0\u00a0\u00a0\u00a0\u00a0\u00a0\u00a0\u00a0\u00a0\u00a0\u00a0\u00a0\u00a0\u00a0\u00a0\u00a0\u00a0\u00a0\u00a0\u00a0\u00a0\u00a0\u00a0 O governador eleito da Para\u00edba e diplomado nessa ter\u00e7a-feira (18), Jo\u00e3o Azev\u00eado, declarou que pretende realizar uma reuni\u00e3o com a bancada de deputados na&hellip; <\/p>\n","protected":false},"author":1,"featured_media":77068,"comment_status":"closed","ping_status":"closed","sticky":false,"template":"","format":"standard","meta":{"sfsi_plus_gutenberg_text_before_share":"","sfsi_plus_gutenberg_show_text_before_share":"","sfsi_plus_gutenberg_icon_type":"","sfsi_plus_gutenberg_icon_alignemt":"","sfsi_plus_gutenburg_max_per_row":"","footnotes":""},"categories":[11],"tags":[],"class_list":["post-77363","post","type-post","status-publish","format-standard","has-post-thumbnail","hentry","category-politica"],"_links":{"self":[{"href":"https:\/\/www.caririemacao.com\/1\/wp-json\/wp\/v2\/posts\/77363","targetHints":{"allow":["GET"]}}],"collection":[{"href":"https:\/\/www.caririemacao.com\/1\/wp-json\/wp\/v2\/posts"}],"about":[{"href":"https:\/\/www.caririemacao.com\/1\/wp-json\/wp\/v2\/types\/post"}],"author":[{"embeddable":true,"href":"https:\/\/www.caririemacao.com\/1\/wp-json\/wp\/v2\/users\/1"}],"replies":[{"embeddable":true,"href":"https:\/\/www.caririemacao.com\/1\/wp-json\/wp\/v2\/comments?post=77363"}],"version-history":[{"count":1,"href":"https:\/\/www.caririemacao.com\/1\/wp-json\/wp\/v2\/posts\/77363\/revisions"}],"predecessor-version":[{"id":77364,"href":"https:\/\/www.caririemacao.com\/1\/wp-json\/wp\/v2\/posts\/77363\/revisions\/77364"}],"wp:featuredmedia":[{"embeddable":true,"href":"https:\/\/www.caririemacao.com\/1\/wp-json\/wp\/v2\/media\/77068"}],"wp:attachment":[{"href":"https:\/\/www.caririemacao.com\/1\/wp-json\/wp\/v2\/media?parent=77363"}],"wp:term":[{"taxonomy":"category","embeddable":true,"href":"https:\/\/www.caririemacao.com\/1\/wp-json\/wp\/v2\/categories?post=77363"},{"taxonomy":"post_tag","embeddable":true,"href":"https:\/\/www.caririemacao.com\/1\/wp-json\/wp\/v2\/tags?post=77363"}],"curies":[{"name":"wp","href":"https:\/\/api.w.org\/{rel}","templated":true}]}}