{"id":77365,"date":"2018-12-19T12:58:19","date_gmt":"2018-12-19T15:58:19","guid":{"rendered":"http:\/\/www.caririemacao.com\/1\/?p=77365"},"modified":"2018-12-19T12:58:19","modified_gmt":"2018-12-19T15:58:19","slug":"lava-jato-pede-bloqueio-de-bens-contra-psb-mdb-pp-e-psdb","status":"publish","type":"post","link":"https:\/\/www.caririemacao.com\/1\/2018\/12\/19\/lava-jato-pede-bloqueio-de-bens-contra-psb-mdb-pp-e-psdb\/","title":{"rendered":"Lava Jato pede bloqueio de bens contra PSB, MDB, PP e PSDB"},"content":{"rendered":"<p>A for\u00e7a-tarefa da Opera\u00e7\u00e3o Lava Jato em Curitiba pediu, em uma a\u00e7\u00e3o de improbidade administrativa, o bloqueio de bens dos senadores Valdir Raupp (MDB-RO) e Fernando Bezerra (MDB-PE), do deputado federal Eduardo da Fonte (PP-PE) e dos diret\u00f3rios nacionais do PSB e MDB.<\/p>\n<p>Tamb\u00e9m foram alvos do pedido os esp\u00f3lios do ex-senador S\u00e9rgio Guerra, que foi presidente do PSDB, e do ex-governador de Pernambuco Eduardo Campos, que concorreu \u00e0 Presid\u00eancia pelo PSB. Ambos morreram em 2014.<\/p>\n<p>A Lava Jato pede o bloqueio provis\u00f3rio de pelo menos R$ 100 milh\u00f5es de cada um, a fim de ressarcir a Petrobras pelos desvios. No caso do MDB, o valor \u00e9 de at\u00e9 R$ 1,89 bilh\u00e3o.<\/p>\n<p>O valor total cobrado pela a\u00e7\u00e3o, entre ressarcimento, multas e danos morais, chega a R$ 3 bilh\u00f5es.<\/p>\n<p>A Justi\u00e7a ainda n\u00e3o decidiu a respeito, mas j\u00e1 determinou o bloqueio de um precat\u00f3rio do estado de Alagoas \u00e0 construtora Queiroz Galv\u00e3o, acusada de participa\u00e7\u00e3o no esquema.<\/p>\n<p>O grupo \u00e9 acusado de ter participado e se beneficiado de desvios na Petrobras, por meio da cobran\u00e7a de propina em contratos da refinaria Abreu e Lima, em Pernambuco, ou do pagamento de vantagens indevidas na CPI da Petrobras, em 2009.<\/p>\n<p>Os fatos ainda s\u00e3o alvo de apura\u00e7\u00e3o em inqu\u00e9ritos e a\u00e7\u00f5es criminais no STF (Supremo Tribunal Federal) e na Justi\u00e7a Federal. No caso de Bezerra, a acusa\u00e7\u00e3o de corrup\u00e7\u00e3o e lavagem de dinheiro foi rejeitada pelo Supremo na semana passada.<\/p>\n<p>Em a\u00e7\u00f5es de improbidade administrativa, por\u00e9m, n\u00e3o h\u00e1 foro privilegiado -por isso, o processo corre na Justi\u00e7a Federal do Paran\u00e1.<\/p>\n<p>Segundo os procuradores, os senadores Raupp e Bezerra atuavam em nome do MDB e do PSB, respectivamente (Bezerra era pessebista at\u00e9 o ano passado), e tiveram \u201catua\u00e7\u00e3o destacada\u201d no esquema ao favorecer um cartel de empreiteiras na Petrobras, em troca do pagamento de propinas aos partidos.<\/p>\n<p>O MDB teria recebido pelo menos R$ 108 milh\u00f5es em propina, e o PSB (incluindo o ex-governador Eduardo Campos), R$ 40 milh\u00f5es.<\/p>\n<p>A a\u00e7\u00e3o ainda detalha pagamentos feitos ao empres\u00e1rio Jo\u00e3o Carlos Lyra Pessoa de Mello Filho, dono do jatinho em que Campos estava quando morreu num acidente aeron\u00e1utico, em agosto de 2014.<\/p>\n<p>Segundo o MPF, Lyra atuava como operador do pessebista, que na \u00e9poca disputava a Presid\u00eancia.<\/p>\n<p>\u201cTrata-se de propinas canalizadas para a campanha de um presidenci\u00e1vel que, n\u00e3o tivesse falecido, poderia ter sido presidente do Brasil ou ocupado outra alta fun\u00e7\u00e3o p\u00fablica na esfera federal\u201d, afirmou o procurador Deltan Dallagnol, para quem o fato exige uma \u201cprofunda reflex\u00e3o sobre a necessidade de reformas no sistema pol\u00edtico brasileiro\u201d.<\/p>\n<p>J\u00e1 Guerra, que foi presidente nacional do PSDB entre 2007 e 2013, \u00e9 apontado como benefici\u00e1rio de propinas no \u00e2mbito da CPI da Petrobras, em 2009, em troca de que a comiss\u00e3o n\u00e3o revelasse o esquema il\u00edcito em andamento na Petrobras.<\/p>\n<p>O atual deputado Eduardo da Fonte, que tamb\u00e9m \u00e9 alvo da a\u00e7\u00e3o, \u00e9 acusado de envolvimento nesse mesmo esquema -que \u00e9 tema de inqu\u00e9rito no STF.<\/p>\n<p>OUTRO LADO<br \/>\nEm nota, o MDB informou que considera preocupante \u201ca investida do Minist\u00e9rio P\u00fablico contra um partido com mais de 50 anos de hist\u00f3ria e pilar da democracia brasileira\u201d. O partido sustentou que todas as doa\u00e7\u00f5es recebidas foram contabilizadas e aprovadas pela Justi\u00e7a, e que a a\u00e7\u00e3o de improbidade \u201cmais parece um panfleto pol\u00edtico eleitoral\u201d.<\/p>\n<p>\u201cResponsabilizar institui\u00e7\u00f5es com base em depoimentos enviesados \u00e9 um risco enorme para nossa estabilidade\u201d, afirma a nota.<\/p>\n<p>O senador Fernando Bezerra (MDB-PE), em nota, lembrou que o STF, \u201cinst\u00e2ncia m\u00e1xima do judici\u00e1rio brasileiro\u201d, rejeitou a den\u00fancia contra ele em duas ocasi\u00f5es no passado. \u201cO STF concluiu que as narrativas de supostos delatores n\u00e3o encontram qualquer resson\u00e2ncia com elementos de prova, posicionando-se contr\u00e1rio ao andamento dos inqu\u00e9ritos\u201d, informou o senador. \u201cComo refor\u00e7a a defesa de Fernando Bezerra, representada pelo advogado Andr\u00e9 Callegari, \u2018n\u00e3o h\u00e1 suporte m\u00ednimo de autoria e materialidade contra o senador e a consequ\u00eancia natural era a rejei\u00e7\u00e3o das den\u00fancias pela Suprema Corte do pa\u00eds&#8217;\u201d.<\/p>\n<p>Para o senador Valdir Raupp (MDB-RO), que afirma n\u00e3o ter cometido qualquer ato il\u00edcito, as acusa\u00e7\u00f5es s\u00e3o fr\u00e1geis. Segundo ele, a doa\u00e7\u00e3o eleitoral citada na a\u00e7\u00e3o do MPF foi feita ao diret\u00f3rio estadual do MDB em Rond\u00f4nia, e n\u00e3o \u00e0 sua campanha, e foi oficial, declarada e aprovada pela Justi\u00e7a Eleitoral.<\/p>\n<p>O deputado Eduardo da Fonte (PP-PE) afirmou que os fatos ocorridos na CPI da Petrobras j\u00e1 foram analisados pelo STF, que rejeitou a den\u00fancia contra ele, e que documentos desmentem as dela\u00e7\u00f5es que fundamentaram a den\u00fancia.<\/p>\n<p>A Queiroz Galv\u00e3o informou que n\u00e3o vai comentar a a\u00e7\u00e3o.<\/p>\n<p>O presidente nacional do PSB, Carlos Siqueira, afirmou em nota que as campanhas do PSB \u201csempre foram financiadas de acordo com as normais legais\u201d, e disse confiar que a apura\u00e7\u00e3o dos fatos isente o partido de qualquer acusa\u00e7\u00e3o.<\/p>\n<p>Sobre as suspeitas contra Eduardo Campos, ele declarou ter \u201cconfian\u00e7a plena\u201d de que o processo ir\u00e1 inocentar o ex-governador, \u201cum homem p\u00fablico com tantos e t\u00e3o relevantes servi\u00e7os prestados a Pernambuco e ao Brasil\u201d.<\/p>\n<p>&nbsp;<\/p>\n<p>Folha Press<\/p>\n","protected":false},"excerpt":{"rendered":"<p>A for\u00e7a-tarefa da Opera\u00e7\u00e3o Lava Jato em Curitiba pediu, em uma a\u00e7\u00e3o de improbidade administrativa, o bloqueio de bens dos senadores Valdir Raupp (MDB-RO) e&hellip; <\/p>\n","protected":false},"author":1,"featured_media":77366,"comment_status":"closed","ping_status":"closed","sticky":false,"template":"","format":"standard","meta":{"sfsi_plus_gutenberg_text_before_share":"","sfsi_plus_gutenberg_show_text_before_share":"","sfsi_plus_gutenberg_icon_type":"","sfsi_plus_gutenberg_icon_alignemt":"","sfsi_plus_gutenburg_max_per_row":"","footnotes":""},"categories":[11],"tags":[],"class_list":["post-77365","post","type-post","status-publish","format-standard","has-post-thumbnail","hentry","category-politica"],"_links":{"self":[{"href":"https:\/\/www.caririemacao.com\/1\/wp-json\/wp\/v2\/posts\/77365","targetHints":{"allow":["GET"]}}],"collection":[{"href":"https:\/\/www.caririemacao.com\/1\/wp-json\/wp\/v2\/posts"}],"about":[{"href":"https:\/\/www.caririemacao.com\/1\/wp-json\/wp\/v2\/types\/post"}],"author":[{"embeddable":true,"href":"https:\/\/www.caririemacao.com\/1\/wp-json\/wp\/v2\/users\/1"}],"replies":[{"embeddable":true,"href":"https:\/\/www.caririemacao.com\/1\/wp-json\/wp\/v2\/comments?post=77365"}],"version-history":[{"count":1,"href":"https:\/\/www.caririemacao.com\/1\/wp-json\/wp\/v2\/posts\/77365\/revisions"}],"predecessor-version":[{"id":77367,"href":"https:\/\/www.caririemacao.com\/1\/wp-json\/wp\/v2\/posts\/77365\/revisions\/77367"}],"wp:featuredmedia":[{"embeddable":true,"href":"https:\/\/www.caririemacao.com\/1\/wp-json\/wp\/v2\/media\/77366"}],"wp:attachment":[{"href":"https:\/\/www.caririemacao.com\/1\/wp-json\/wp\/v2\/media?parent=77365"}],"wp:term":[{"taxonomy":"category","embeddable":true,"href":"https:\/\/www.caririemacao.com\/1\/wp-json\/wp\/v2\/categories?post=77365"},{"taxonomy":"post_tag","embeddable":true,"href":"https:\/\/www.caririemacao.com\/1\/wp-json\/wp\/v2\/tags?post=77365"}],"curies":[{"name":"wp","href":"https:\/\/api.w.org\/{rel}","templated":true}]}}