{"id":77368,"date":"2018-12-19T17:40:35","date_gmt":"2018-12-19T20:40:35","guid":{"rendered":"http:\/\/www.caririemacao.com\/1\/?p=77368"},"modified":"2018-12-19T17:40:35","modified_gmt":"2018-12-19T20:40:35","slug":"prefeitura-de-sume-investe-na-formacao-de-atletas-de-alto-rendimento","status":"publish","type":"post","link":"https:\/\/www.caririemacao.com\/1\/2018\/12\/19\/prefeitura-de-sume-investe-na-formacao-de-atletas-de-alto-rendimento\/","title":{"rendered":"Prefeitura de Sum\u00e9 investe na forma\u00e7\u00e3o de atletas de Alto Rendimento"},"content":{"rendered":"<p style=\"margin: 0px 0px 13px; padding: 0px; border: 0px currentColor; color: #555555; text-transform: none; line-height: 24px; text-indent: 0px; letter-spacing: normal; font-family: 'Droid Sans'; font-size: 14px; font-style: normal; font-weight: normal; word-spacing: 0px; vertical-align: baseline; white-space: normal; box-sizing: border-box; orphans: 2; widows: 2; font-stretch: inherit; background-color: #ffffff; font-variant-ligatures: normal; font-variant-caps: normal; -webkit-text-stroke-width: 0px; text-decoration-style: initial; text-decoration-color: initial; font-variant-numeric: inherit;\">A parceria entre o Munic\u00edpio de Sum\u00e9 e o Programa Ol\u00edmpico do Cariri (Prolcariri), do Centro de Desenvolvimento Sustent\u00e1vel do Semi\u00e1rido (CDSA-UFCG) tem contribu\u00eddo significativamente na forma\u00e7\u00e3o de atletas sumeenses e consequentemente elevado o n\u00edvel do esporte local.<\/p>\n<p style=\"margin: 0px 0px 13px; padding: 0px; border: 0px currentColor; color: #555555; text-transform: none; line-height: 24px; text-indent: 0px; letter-spacing: normal; font-family: 'Droid Sans'; font-size: 14px; font-style: normal; font-weight: normal; word-spacing: 0px; vertical-align: baseline; white-space: normal; box-sizing: border-box; orphans: 2; widows: 2; font-stretch: inherit; background-color: #ffffff; font-variant-ligatures: normal; font-variant-caps: normal; -webkit-text-stroke-width: 0px; text-decoration-style: initial; text-decoration-color: initial; font-variant-numeric: inherit;\">Ao longo de seis anos, o Prolcariri e a Prefeitura de Sum\u00e9 vem desenvolvendo a\u00e7\u00f5es socioeducativas tendo o Jud\u00f4 como pr\u00e1tica esportiva bem sucedida aplicada em sala de aula.<\/p>\n<p style=\"margin: 0px 0px 13px; padding: 0px; border: 0px currentColor; color: #555555; text-transform: none; line-height: 24px; text-indent: 0px; letter-spacing: normal; font-family: 'Droid Sans'; font-size: 14px; font-style: normal; font-weight: normal; word-spacing: 0px; vertical-align: baseline; white-space: normal; box-sizing: border-box; orphans: 2; widows: 2; font-stretch: inherit; background-color: #ffffff; font-variant-ligatures: normal; font-variant-caps: normal; -webkit-text-stroke-width: 0px; text-decoration-style: initial; text-decoration-color: initial; font-variant-numeric: inherit;\">Atualmente, cerca de 80 alunos das escolas Maria Leite Rafael, Agrot\u00e9cnica e Estadual Jos\u00e9 Gon\u00e7alves participam do Projeto. De acordo com o professor e t\u00e9cnico de jud\u00f4, Luciano Correa, alguns desses atletas s\u00e3o considerados de Alto Rendimento.<\/p>\n<p style=\"margin: 0px 0px 13px; padding: 0px; border: 0px currentColor; color: #555555; text-transform: none; line-height: 24px; text-indent: 0px; letter-spacing: normal; font-family: 'Droid Sans'; font-size: 14px; font-style: normal; font-weight: normal; word-spacing: 0px; vertical-align: baseline; white-space: normal; box-sizing: border-box; orphans: 2; widows: 2; font-stretch: inherit; background-color: #ffffff; font-variant-ligatures: normal; font-variant-caps: normal; -webkit-text-stroke-width: 0px; text-decoration-style: initial; text-decoration-color: initial; font-variant-numeric: inherit;\">\u00c9 o caso do medalhista Ewerton Ferreira Evangelista, sumeense,19 anos, 3\u00b0 lugar no brasileiro regional 2018. Devido ao seu bom desempenho em quadra e aos t\u00edtulos conquistados, ele foi selecionado pela Federa\u00e7\u00e3o Paraibana de Jud\u00f4 a participar de um treinamento internacional, de \u00a016 a 19 de dezembro, com a sele\u00e7\u00e3o do Jap\u00e3o, na cidade de Lauro de Freitas, na Bahia. De cada estado brasileiro, cinco atletas foram convidados. Ewerton est\u00e1 representando a cidade de Sum\u00e9.<\/p>\n<p style=\"margin: 0px 0px 13px; padding: 0px; border: 0px currentColor; color: #555555; text-transform: none; line-height: 24px; text-indent: 0px; letter-spacing: normal; font-family: 'Droid Sans'; font-size: 14px; font-style: normal; font-weight: normal; word-spacing: 0px; vertical-align: baseline; white-space: normal; box-sizing: border-box; orphans: 2; widows: 2; font-stretch: inherit; background-color: #ffffff; font-variant-ligatures: normal; font-variant-caps: normal; -webkit-text-stroke-width: 0px; text-decoration-style: initial; text-decoration-color: initial; font-variant-numeric: inherit;\">Ewerton disse que ficou muito feliz com o convite pelo fato do Jud\u00f4 japon\u00eas ser considerado uma das melhores escolas do mundo. \u201cEspero absorver o melhor que puder nesse treinamento\u201d, disse ele.<\/p>\n<p style=\"margin: 0px 0px 13px; padding: 0px; border: 0px currentColor; color: #555555; text-transform: none; line-height: 24px; text-indent: 0px; letter-spacing: normal; font-family: 'Droid Sans'; font-size: 14px; font-style: normal; font-weight: normal; word-spacing: 0px; vertical-align: baseline; white-space: normal; box-sizing: border-box; orphans: 2; widows: 2; font-stretch: inherit; background-color: #ffffff; font-variant-ligatures: normal; font-variant-caps: normal; -webkit-text-stroke-width: 0px; text-decoration-style: initial; text-decoration-color: initial; font-variant-numeric: inherit;\">Ewerton agradeceu tamb\u00e9m o incentivo do professor Luciano Correa e principalmente ao apoio que a Prefeitura de Sum\u00e9, atrav\u00e9s do prefeito \u00c9den Duarte, tem dado ao projeto.<\/p>\n<p style=\"margin: 0px 0px 13px; padding: 0px; border: 0px currentColor; color: #555555; text-transform: none; line-height: 24px; text-indent: 0px; letter-spacing: normal; font-family: 'Droid Sans'; font-size: 14px; font-style: normal; font-weight: normal; word-spacing: 0px; vertical-align: baseline; white-space: normal; box-sizing: border-box; orphans: 2; widows: 2; font-stretch: inherit; background-color: #ffffff; font-variant-ligatures: normal; font-variant-caps: normal; -webkit-text-stroke-width: 0px; text-decoration-style: initial; text-decoration-color: initial; font-variant-numeric: inherit;\">Outros atletas sumeenses tamb\u00e9m vem se destacado na modalidade esportiva, s\u00e3o eles:<\/p>\n<p style=\"margin: 0px 0px 13px; padding: 0px; border: 0px currentColor; color: #555555; text-transform: none; line-height: 24px; text-indent: 0px; letter-spacing: normal; font-family: 'Droid Sans'; font-size: 14px; font-style: normal; font-weight: normal; word-spacing: 0px; vertical-align: baseline; white-space: normal; box-sizing: border-box; orphans: 2; widows: 2; font-stretch: inherit; background-color: #ffffff; font-variant-ligatures: normal; font-variant-caps: normal; -webkit-text-stroke-width: 0px; text-decoration-style: initial; text-decoration-color: initial; font-variant-numeric: inherit;\">\u2013 Carlos William: vice-campe\u00e3o brasileiro regional 2018;<\/p>\n<p style=\"margin: 0px 0px 13px; padding: 0px; border: 0px currentColor; color: #555555; text-transform: none; line-height: 24px; text-indent: 0px; letter-spacing: normal; font-family: 'Droid Sans'; font-size: 14px; font-style: normal; font-weight: normal; word-spacing: 0px; vertical-align: baseline; white-space: normal; box-sizing: border-box; orphans: 2; widows: 2; font-stretch: inherit; background-color: #ffffff; font-variant-ligatures: normal; font-variant-caps: normal; -webkit-text-stroke-width: 0px; text-decoration-style: initial; text-decoration-color: initial; font-variant-numeric: inherit;\">\u2013 Vanessa Ferreira: vice-campe\u00e3 brasileira 2018, regional e 7\u00ba lugar no brasileiro, fase final 2018;<\/p>\n<p style=\"margin: 0px 0px 13px; padding: 0px; border: 0px currentColor; color: #555555; text-transform: none; line-height: 24px; text-indent: 0px; letter-spacing: normal; font-family: 'Droid Sans'; font-size: 14px; font-style: normal; font-weight: normal; word-spacing: 0px; vertical-align: baseline; white-space: normal; box-sizing: border-box; orphans: 2; widows: 2; font-stretch: inherit; background-color: #ffffff; font-variant-ligatures: normal; font-variant-caps: normal; -webkit-text-stroke-width: 0px; text-decoration-style: initial; text-decoration-color: initial; font-variant-numeric: inherit;\">\u2013 Jos\u00e9 Augusto: terceiro lugar brasileiro regional 2018;<\/p>\n<p style=\"margin: 0px 0px 13px; padding: 0px; border: 0px currentColor; color: #555555; text-transform: none; line-height: 24px; text-indent: 0px; letter-spacing: normal; font-family: 'Droid Sans'; font-size: 14px; font-style: normal; font-weight: normal; word-spacing: 0px; vertical-align: baseline; white-space: normal; box-sizing: border-box; orphans: 2; widows: 2; font-stretch: inherit; background-color: #ffffff; font-variant-ligatures: normal; font-variant-caps: normal; -webkit-text-stroke-width: 0px; text-decoration-style: initial; text-decoration-color: initial; font-variant-numeric: inherit;\">\u2013 Gustavo Ara\u00fajo: 3\u00ba lugar brasileiro fase final 2016 e<\/p>\n<p style=\"margin: 0px 0px 13px; padding: 0px; border: 0px currentColor; color: #555555; text-transform: none; line-height: 24px; text-indent: 0px; letter-spacing: normal; font-family: 'Droid Sans'; font-size: 14px; font-style: normal; font-weight: normal; word-spacing: 0px; vertical-align: baseline; white-space: normal; box-sizing: border-box; orphans: 2; widows: 2; font-stretch: inherit; background-color: #ffffff; font-variant-ligatures: normal; font-variant-caps: normal; -webkit-text-stroke-width: 0px; text-decoration-style: initial; text-decoration-color: initial; font-variant-numeric: inherit;\">\u2013 Amanda Souza: 5\u00b0 lugar brasileiro regional 2018.<\/p>\n<p style=\"margin: 0px 0px 13px; padding: 0px; border: 0px currentColor; color: #555555; text-transform: none; line-height: 24px; text-indent: 0px; letter-spacing: normal; font-family: 'Droid Sans'; font-size: 14px; font-style: normal; font-weight: normal; word-spacing: 0px; vertical-align: baseline; white-space: normal; box-sizing: border-box; orphans: 2; widows: 2; font-stretch: inherit; background-color: #ffffff; font-variant-ligatures: normal; font-variant-caps: normal; -webkit-text-stroke-width: 0px; text-decoration-style: initial; text-decoration-color: initial; font-variant-numeric: inherit;\">\n<p style=\"margin: 0px 0px 13px; padding: 0px; border: 0px currentColor; color: #555555; text-transform: none; line-height: 24px; text-indent: 0px; letter-spacing: normal; font-family: 'Droid Sans'; font-size: 14px; font-style: normal; font-weight: normal; word-spacing: 0px; vertical-align: baseline; white-space: normal; box-sizing: border-box; orphans: 2; widows: 2; font-stretch: inherit; background-color: #ffffff; font-variant-ligatures: normal; font-variant-caps: normal; -webkit-text-stroke-width: 0px; text-decoration-style: initial; text-decoration-color: initial; font-variant-numeric: inherit;\">Ascom\/PMS<\/p>\n","protected":false},"excerpt":{"rendered":"<p>A parceria entre o Munic\u00edpio de Sum\u00e9 e o Programa Ol\u00edmpico do Cariri (Prolcariri), do Centro de Desenvolvimento Sustent\u00e1vel do Semi\u00e1rido (CDSA-UFCG) tem contribu\u00eddo significativamente&hellip; <\/p>\n","protected":false},"author":1,"featured_media":77388,"comment_status":"closed","ping_status":"closed","sticky":false,"template":"","format":"standard","meta":{"sfsi_plus_gutenberg_text_before_share":"","sfsi_plus_gutenberg_show_text_before_share":"","sfsi_plus_gutenberg_icon_type":"","sfsi_plus_gutenberg_icon_alignemt":"","sfsi_plus_gutenburg_max_per_row":"","footnotes":""},"categories":[6],"tags":[],"class_list":["post-77368","post","type-post","status-publish","format-standard","has-post-thumbnail","hentry","category-cidades"],"_links":{"self":[{"href":"https:\/\/www.caririemacao.com\/1\/wp-json\/wp\/v2\/posts\/77368","targetHints":{"allow":["GET"]}}],"collection":[{"href":"https:\/\/www.caririemacao.com\/1\/wp-json\/wp\/v2\/posts"}],"about":[{"href":"https:\/\/www.caririemacao.com\/1\/wp-json\/wp\/v2\/types\/post"}],"author":[{"embeddable":true,"href":"https:\/\/www.caririemacao.com\/1\/wp-json\/wp\/v2\/users\/1"}],"replies":[{"embeddable":true,"href":"https:\/\/www.caririemacao.com\/1\/wp-json\/wp\/v2\/comments?post=77368"}],"version-history":[{"count":1,"href":"https:\/\/www.caririemacao.com\/1\/wp-json\/wp\/v2\/posts\/77368\/revisions"}],"predecessor-version":[{"id":77389,"href":"https:\/\/www.caririemacao.com\/1\/wp-json\/wp\/v2\/posts\/77368\/revisions\/77389"}],"wp:featuredmedia":[{"embeddable":true,"href":"https:\/\/www.caririemacao.com\/1\/wp-json\/wp\/v2\/media\/77388"}],"wp:attachment":[{"href":"https:\/\/www.caririemacao.com\/1\/wp-json\/wp\/v2\/media?parent=77368"}],"wp:term":[{"taxonomy":"category","embeddable":true,"href":"https:\/\/www.caririemacao.com\/1\/wp-json\/wp\/v2\/categories?post=77368"},{"taxonomy":"post_tag","embeddable":true,"href":"https:\/\/www.caririemacao.com\/1\/wp-json\/wp\/v2\/tags?post=77368"}],"curies":[{"name":"wp","href":"https:\/\/api.w.org\/{rel}","templated":true}]}}