{"id":77370,"date":"2018-12-19T14:08:24","date_gmt":"2018-12-19T17:08:24","guid":{"rendered":"http:\/\/www.caririemacao.com\/1\/?p=77370"},"modified":"2018-12-19T14:08:24","modified_gmt":"2018-12-19T17:08:24","slug":"urgente-lula-pode-sair-da-prisao-apos-determinacao-de-soltura-de-condenados-em-2a-instancia","status":"publish","type":"post","link":"https:\/\/www.caririemacao.com\/1\/2018\/12\/19\/urgente-lula-pode-sair-da-prisao-apos-determinacao-de-soltura-de-condenados-em-2a-instancia\/","title":{"rendered":"Urgente: Lula pode sair da pris\u00e3o, ap\u00f3s determina\u00e7\u00e3o de soltura de condenados em 2\u00aa inst\u00e2ncia"},"content":{"rendered":"<p>O ministro Marco Aur\u00e9lio Mello, do Supremo Tribunal Federal (STF), proferiu hoje (19) uma liminar (decis\u00e3o provis\u00f3ria) determinando a soltura dos presos que tiveram a condena\u00e7\u00e3o confirmada pela segunda inst\u00e2ncia da Justi\u00e7a.<\/p>\n<p>A decis\u00e3o foi proferida em uma das tr\u00eas a\u00e7\u00f5es declarat\u00f3rias de constitucionalidade (ADC\u00b4s) relatadas por Marco Aur\u00e9lio sobre o assunto.<\/p>\n<p>Na decis\u00e3o, o ministro resolveu \u201cdeterminar a suspens\u00e3o de execu\u00e7\u00e3o de pena cuja decis\u00e3o a encerr\u00e1-la ainda n\u00e3o haja transitado em julgado, bem assim a liberta\u00e7\u00e3o daqueles que tenham sido presos\u201d.<\/p>\n<p>Marco Aur\u00e9lio ressalvou, por\u00e9m, que aqueles que se enquadrem nos crit\u00e9rios de pris\u00e3o preventiva previstos no C\u00f3digo de Processo Penal devem permanecer presos.<\/p>\n<p>A liminar pode beneficiar diversos presos pelo pa\u00eds, entre eles o ex-presidente Luiz In\u00e1cio Lula da Silva, preso desde 7 de abril na Superintend\u00eancia da Pol\u00edcia Federal do Paran\u00e1.<\/p>\n<p>Condenado por corrup\u00e7\u00e3o e lavagem de dinheiro no \u00e2mbito da Lava Jato, no caso do triplex, Lula teve sua condena\u00e7\u00e3o confirmada pelo Tribunal Regional Federal da 4\u00aa Regi\u00e3o (TRF4), segunda inst\u00e2ncia da Justi\u00e7a Federal, com sede em Porto Alegre.<\/p>\n<p>&nbsp;<\/p>\n<p>EBC<\/p>\n","protected":false},"excerpt":{"rendered":"<p>O ministro Marco Aur\u00e9lio Mello, do Supremo Tribunal Federal (STF), proferiu hoje (19) uma liminar (decis\u00e3o provis\u00f3ria) determinando a soltura dos presos que tiveram a&hellip; <\/p>\n","protected":false},"author":1,"featured_media":46618,"comment_status":"closed","ping_status":"closed","sticky":false,"template":"","format":"standard","meta":{"sfsi_plus_gutenberg_text_before_share":"","sfsi_plus_gutenberg_show_text_before_share":"","sfsi_plus_gutenberg_icon_type":"","sfsi_plus_gutenberg_icon_alignemt":"","sfsi_plus_gutenburg_max_per_row":"","footnotes":""},"categories":[50,11],"tags":[],"class_list":["post-77370","post","type-post","status-publish","format-standard","has-post-thumbnail","hentry","category-destaque","category-politica"],"_links":{"self":[{"href":"https:\/\/www.caririemacao.com\/1\/wp-json\/wp\/v2\/posts\/77370","targetHints":{"allow":["GET"]}}],"collection":[{"href":"https:\/\/www.caririemacao.com\/1\/wp-json\/wp\/v2\/posts"}],"about":[{"href":"https:\/\/www.caririemacao.com\/1\/wp-json\/wp\/v2\/types\/post"}],"author":[{"embeddable":true,"href":"https:\/\/www.caririemacao.com\/1\/wp-json\/wp\/v2\/users\/1"}],"replies":[{"embeddable":true,"href":"https:\/\/www.caririemacao.com\/1\/wp-json\/wp\/v2\/comments?post=77370"}],"version-history":[{"count":1,"href":"https:\/\/www.caririemacao.com\/1\/wp-json\/wp\/v2\/posts\/77370\/revisions"}],"predecessor-version":[{"id":77371,"href":"https:\/\/www.caririemacao.com\/1\/wp-json\/wp\/v2\/posts\/77370\/revisions\/77371"}],"wp:featuredmedia":[{"embeddable":true,"href":"https:\/\/www.caririemacao.com\/1\/wp-json\/wp\/v2\/media\/46618"}],"wp:attachment":[{"href":"https:\/\/www.caririemacao.com\/1\/wp-json\/wp\/v2\/media?parent=77370"}],"wp:term":[{"taxonomy":"category","embeddable":true,"href":"https:\/\/www.caririemacao.com\/1\/wp-json\/wp\/v2\/categories?post=77370"},{"taxonomy":"post_tag","embeddable":true,"href":"https:\/\/www.caririemacao.com\/1\/wp-json\/wp\/v2\/tags?post=77370"}],"curies":[{"name":"wp","href":"https:\/\/api.w.org\/{rel}","templated":true}]}}