{"id":77378,"date":"2018-12-19T15:13:50","date_gmt":"2018-12-19T18:13:50","guid":{"rendered":"http:\/\/www.caririemacao.com\/1\/?p=77378"},"modified":"2018-12-19T15:13:50","modified_gmt":"2018-12-19T18:13:50","slug":"defesa-de-lula-entra-com-pedido-de-liberdade-apos-decisao-do-supremo","status":"publish","type":"post","link":"https:\/\/www.caririemacao.com\/1\/2018\/12\/19\/defesa-de-lula-entra-com-pedido-de-liberdade-apos-decisao-do-supremo\/","title":{"rendered":"Defesa de Lula entra com pedido de liberdade ap\u00f3s decis\u00e3o do Supremo"},"content":{"rendered":"<p>A defesa do ex-presidente Luiz In\u00e1cio Lula da Silva entrou h\u00e1 pouco com um pedido de liberdade na Justi\u00e7a Federal em Curitiba.<\/p>\n<p>O pedido foi feito depois de o ministro do Supremo Tribunal Federal (STF) Marco Aur\u00e9lio suspender as pris\u00f5es ap\u00f3s o fim dos recursos na segunda inst\u00e2ncia e determinar a soltura dos presos que est\u00e3o nessa situa\u00e7\u00e3o.<\/p>\n<p>A quest\u00e3o ser\u00e1 analisada pela ju\u00edza Carolina Lebbos, da 12\u00aa Vara Federal em Curitiba.<\/p>\n<p>Lula est\u00e1 preso desde 7 de abril na Superintend\u00eancia da Pol\u00edcia Federal em Curitiba, ap\u00f3s ter sua condena\u00e7\u00e3o no caso confirmada pelo Tribunal Regional Federal 4\u00aa Regi\u00e3o (TRF4), que imp\u00f4s pena de 12 anos e um m\u00eas de pris\u00e3o ao ex-presidente, pelos crimes de corrup\u00e7\u00e3o passiva e lavagem de dinheiro na a\u00e7\u00e3o penal do caso do triplex do Guaruj\u00e1 (SP).<\/p>\n<p>&nbsp;<\/p>\n<p>Ag\u00eancia Brasil<\/p>\n","protected":false},"excerpt":{"rendered":"<p>A defesa do ex-presidente Luiz In\u00e1cio Lula da Silva entrou h\u00e1 pouco com um pedido de liberdade na Justi\u00e7a Federal em Curitiba. O pedido foi&hellip; <\/p>\n","protected":false},"author":1,"featured_media":65148,"comment_status":"closed","ping_status":"closed","sticky":false,"template":"","format":"standard","meta":{"sfsi_plus_gutenberg_text_before_share":"","sfsi_plus_gutenberg_show_text_before_share":"","sfsi_plus_gutenberg_icon_type":"","sfsi_plus_gutenberg_icon_alignemt":"","sfsi_plus_gutenburg_max_per_row":"","footnotes":""},"categories":[11],"tags":[],"class_list":["post-77378","post","type-post","status-publish","format-standard","has-post-thumbnail","hentry","category-politica"],"_links":{"self":[{"href":"https:\/\/www.caririemacao.com\/1\/wp-json\/wp\/v2\/posts\/77378","targetHints":{"allow":["GET"]}}],"collection":[{"href":"https:\/\/www.caririemacao.com\/1\/wp-json\/wp\/v2\/posts"}],"about":[{"href":"https:\/\/www.caririemacao.com\/1\/wp-json\/wp\/v2\/types\/post"}],"author":[{"embeddable":true,"href":"https:\/\/www.caririemacao.com\/1\/wp-json\/wp\/v2\/users\/1"}],"replies":[{"embeddable":true,"href":"https:\/\/www.caririemacao.com\/1\/wp-json\/wp\/v2\/comments?post=77378"}],"version-history":[{"count":1,"href":"https:\/\/www.caririemacao.com\/1\/wp-json\/wp\/v2\/posts\/77378\/revisions"}],"predecessor-version":[{"id":77379,"href":"https:\/\/www.caririemacao.com\/1\/wp-json\/wp\/v2\/posts\/77378\/revisions\/77379"}],"wp:featuredmedia":[{"embeddable":true,"href":"https:\/\/www.caririemacao.com\/1\/wp-json\/wp\/v2\/media\/65148"}],"wp:attachment":[{"href":"https:\/\/www.caririemacao.com\/1\/wp-json\/wp\/v2\/media?parent=77378"}],"wp:term":[{"taxonomy":"category","embeddable":true,"href":"https:\/\/www.caririemacao.com\/1\/wp-json\/wp\/v2\/categories?post=77378"},{"taxonomy":"post_tag","embeddable":true,"href":"https:\/\/www.caririemacao.com\/1\/wp-json\/wp\/v2\/tags?post=77378"}],"curies":[{"name":"wp","href":"https:\/\/api.w.org\/{rel}","templated":true}]}}