{"id":77390,"date":"2018-12-19T17:43:54","date_gmt":"2018-12-19T20:43:54","guid":{"rendered":"http:\/\/www.caririemacao.com\/1\/?p=77390"},"modified":"2018-12-19T17:43:54","modified_gmt":"2018-12-19T20:43:54","slug":"prefeitura-de-gurjao-realiza-cantata-de-natal-e-chegada-de-papai-noel-nesta-quinta20","status":"publish","type":"post","link":"https:\/\/www.caririemacao.com\/1\/2018\/12\/19\/prefeitura-de-gurjao-realiza-cantata-de-natal-e-chegada-de-papai-noel-nesta-quinta20\/","title":{"rendered":"Prefeitura de Gurj\u00e3o realiza cantata de natal e chegada de papai noel nesta quinta(20)."},"content":{"rendered":"<div class=\"&quot;&quot;\" data-editor=\"&quot;363hp&quot;\" data-block=\"&quot;true&quot;\" data-offset-key=\"&quot;74t3p-0-0&quot;\">\n<div class=\"&quot;_1mf\" data-offset-key=\"&quot;74t3p-0-0&quot;\"><span data-offset-key=\"&quot;74t3p-0-0&quot;\">O Natal \u00e9 uma \u00e9poca de alegrias e celebra\u00e7\u00f5es. E, para comemorar essa data a Prefeitura Municipal de Gurj\u00e3o por meio da Secretaria de Assist\u00eancia Social realizar\u00e1 nesta quinta feira dia 10 de dezembro o projeto Cantata de Natal com apresenta\u00e7\u00f5es de corais e muito mais , o evento faz parte da 5\u00aa amostra cultural da Assist\u00eancia Social.<\/span><\/div>\n<\/div>\n<div class=\"&quot;&quot;\" data-editor=\"&quot;363hp&quot;\" data-block=\"&quot;true&quot;\" data-offset-key=\"&quot;ba0ot-0-0&quot;\">\n<div class=\"&quot;_1mf\" data-offset-key=\"&quot;ba0ot-0-0&quot;\"><span data-offset-key=\"&quot;ba0ot-0-0&quot;\">\u00a0<\/span><\/div>\n<\/div>\n<div class=\"&quot;&quot;\" data-editor=\"&quot;363hp&quot;\" data-block=\"&quot;true&quot;\" data-offset-key=\"&quot;9827m-0-0&quot;\">\n<div class=\"&quot;_1mf\" data-offset-key=\"&quot;9827m-0-0&quot;\"><span data-offset-key=\"&quot;9827m-0-0&quot;\">As apresenta\u00e7\u00f5es aconteceram em frente a igreja matriz com inicio previsto para as 18:00 , tamb\u00e9m acontecer\u00e1 no meio da programa\u00e7\u00e3o a chegada de papai noel , \u201c \u00e9 uma emo\u00e7\u00e3o maravilhosa cantar para tanta gente e transmitir essa energia positiva e o esp\u00edrito natalino. A cantata \u00e9 uma forma de mostrar a import\u00e2ncia do natal e demonstrar o quanto devemos nos unir e ajudar um ao outro\u201d, comentou a Secret\u00e1ria Macielma Candido.<\/span><\/div>\n<\/div>\n<div class=\"&quot;&quot;\" data-editor=\"&quot;363hp&quot;\" data-block=\"&quot;true&quot;\" data-offset-key=\"&quot;4fn0g-0-0&quot;\">\n<div class=\"&quot;_1mf\" data-offset-key=\"&quot;4fn0g-0-0&quot;\"><span data-offset-key=\"&quot;4fn0g-0-0&quot;\">\u00a0<\/span><\/div>\n<\/div>\n<div class=\"&quot;&quot;\" data-editor=\"&quot;363hp&quot;\" data-block=\"&quot;true&quot;\" data-offset-key=\"&quot;oj5j-0-0&quot;\">\n<div class=\"&quot;_1mf\" data-offset-key=\"&quot;oj5j-0-0&quot;\"><span data-offset-key=\"&quot;oj5j-0-0&quot;\">\u201cA presen\u00e7a da popula\u00e7\u00e3o \u00e9 fundamental para promover essa uni\u00e3o e transmitir fraternidade e vamos externar o convite a todos para prestigiarem esse o evento que a Prefeitura onde programamos com muito carinho e apresenta\u00e7\u00f5es gratuitas\u201d, disse Ronaldo Queiroz.<\/span><\/div>\n<div><span data-offset-key=\"&quot;oj5j-0-0&quot;\">\u00a0<\/span><\/div>\n<\/div>\n<div class=\"&quot;&quot;\" data-editor=\"&quot;363hp&quot;\" data-block=\"&quot;true&quot;\" data-offset-key=\"&quot;bjon9-0-0&quot;\"><\/div>\n<p>Ascom<\/p>\n","protected":false},"excerpt":{"rendered":"<p>O Natal \u00e9 uma \u00e9poca de alegrias e celebra\u00e7\u00f5es. E, para comemorar essa data a Prefeitura Municipal de Gurj\u00e3o por meio da Secretaria de Assist\u00eancia&hellip; <\/p>\n","protected":false},"author":1,"featured_media":77391,"comment_status":"closed","ping_status":"closed","sticky":false,"template":"","format":"standard","meta":{"sfsi_plus_gutenberg_text_before_share":"","sfsi_plus_gutenberg_show_text_before_share":"","sfsi_plus_gutenberg_icon_type":"","sfsi_plus_gutenberg_icon_alignemt":"","sfsi_plus_gutenburg_max_per_row":"","footnotes":""},"categories":[2],"tags":[],"class_list":["post-77390","post","type-post","status-publish","format-standard","has-post-thumbnail","hentry","category-geral"],"_links":{"self":[{"href":"https:\/\/www.caririemacao.com\/1\/wp-json\/wp\/v2\/posts\/77390","targetHints":{"allow":["GET"]}}],"collection":[{"href":"https:\/\/www.caririemacao.com\/1\/wp-json\/wp\/v2\/posts"}],"about":[{"href":"https:\/\/www.caririemacao.com\/1\/wp-json\/wp\/v2\/types\/post"}],"author":[{"embeddable":true,"href":"https:\/\/www.caririemacao.com\/1\/wp-json\/wp\/v2\/users\/1"}],"replies":[{"embeddable":true,"href":"https:\/\/www.caririemacao.com\/1\/wp-json\/wp\/v2\/comments?post=77390"}],"version-history":[{"count":1,"href":"https:\/\/www.caririemacao.com\/1\/wp-json\/wp\/v2\/posts\/77390\/revisions"}],"predecessor-version":[{"id":77392,"href":"https:\/\/www.caririemacao.com\/1\/wp-json\/wp\/v2\/posts\/77390\/revisions\/77392"}],"wp:featuredmedia":[{"embeddable":true,"href":"https:\/\/www.caririemacao.com\/1\/wp-json\/wp\/v2\/media\/77391"}],"wp:attachment":[{"href":"https:\/\/www.caririemacao.com\/1\/wp-json\/wp\/v2\/media?parent=77390"}],"wp:term":[{"taxonomy":"category","embeddable":true,"href":"https:\/\/www.caririemacao.com\/1\/wp-json\/wp\/v2\/categories?post=77390"},{"taxonomy":"post_tag","embeddable":true,"href":"https:\/\/www.caririemacao.com\/1\/wp-json\/wp\/v2\/tags?post=77390"}],"curies":[{"name":"wp","href":"https:\/\/api.w.org\/{rel}","templated":true}]}}